{"id":46219,"date":"2026-04-27T09:00:59","date_gmt":"2026-04-27T07:00:59","guid":{"rendered":"https:\/\/mallorcacaprice.com\/?p=46219"},"modified":"2026-04-27T09:53:53","modified_gmt":"2026-04-27T07:53:53","slug":"jazz-mallorca-fundacio-miro-2026","status":"publish","type":"post","link":"https:\/\/mallorcacaprice.com\/en\/jazz-mallorca-fundacio-miro-2026\/","title":{"rendered":"International Jazz Day Mallorca 2026: Mir\u00f3 &#038; Jazz at Fundaci\u00f3 Mir\u00f3 Mallorca"},"content":{"rendered":"<p data-start=\"80\" data-end=\"343\">The <strong data-start=\"84\" data-end=\"127\">XV International Jazz Day Mallorca 2026<\/strong> takes place on <strong data-start=\"143\" data-end=\"155\">April 30<\/strong>, offering a unique cultural experience under the theme <strong data-start=\"211\" data-end=\"229\">\u201cMir\u00f3 &amp; Jazz.\u201d<\/strong> The event will be held at <span class=\"hover:entity-accent entity-underline inline cursor-pointer align-baseline\"><span class=\"whitespace-normal\">Fundaci\u00f3 Mir\u00f3 Mallorca<\/span><\/span>, one of the island\u2019s most iconic cultural venues.<\/p>\n<p data-start=\"345\" data-end=\"634\">This fifteenth edition is part of the global <span class=\"hover:entity-accent entity-underline inline cursor-pointer align-baseline\"><span class=\"whitespace-normal\">International Jazz Day<\/span><\/span>, an initiative promoted by <span class=\"hover:entity-accent entity-underline inline cursor-pointer align-baseline\"><span class=\"whitespace-normal\">UNESCO<\/span><\/span> and created by <span class=\"hover:entity-accent entity-underline inline cursor-pointer align-baseline\"><span class=\"whitespace-normal\">Herbie Hancock<\/span><\/span>, aimed at highlighting jazz as a tool for dialogue, freedom, and cultural understanding.<\/p>\n<hr data-start=\"636\" data-end=\"639\" \/>\n<h2 data-section-id=\"ej6fyc\" data-start=\"641\" data-end=\"693\">Mir\u00f3 &amp; Jazz: art and music as universal languages<\/h2>\n<p data-start=\"695\" data-end=\"858\">The 2026 edition focuses on the connection between the artist <span class=\"hover:entity-accent entity-underline inline cursor-pointer align-baseline\"><span class=\"whitespace-normal\">Joan Mir\u00f3<\/span><\/span> and jazz\u2014two forms of expression that share key values such as:<\/p>\n<ul data-start=\"860\" data-end=\"963\">\n<li data-section-id=\"16j79u8\" data-start=\"860\" data-end=\"881\"><strong data-start=\"862\" data-end=\"879\">Improvisation<\/strong><\/li>\n<li data-section-id=\"g4p5x0\" data-start=\"882\" data-end=\"905\"><strong data-start=\"884\" data-end=\"903\">Experimentation<\/strong><\/li>\n<li data-section-id=\"14u1tfl\" data-start=\"906\" data-end=\"930\"><strong data-start=\"908\" data-end=\"928\">Creative freedom<\/strong><\/li>\n<li data-section-id=\"109w8mv\" data-start=\"931\" data-end=\"963\">Commitment to <strong data-start=\"947\" data-end=\"963\">human values<\/strong><\/li>\n<\/ul>\n<p data-start=\"965\" data-end=\"1106\">The \u201cMir\u00f3 &amp; Jazz\u201d concept reflects how both artistic languages interact, becoming powerful tools for social expression and creative dialogue.<\/p>\n<hr data-start=\"1108\" data-end=\"1111\" \/>\n<h2 data-section-id=\"5kvtrs\" data-start=\"1113\" data-end=\"1159\">An international cultural event with impact<\/h2>\n<p data-start=\"1161\" data-end=\"1241\">International Jazz Day goes beyond music. It is a global platform that promotes:<\/p>\n<ul data-start=\"1243\" data-end=\"1372\">\n<li data-section-id=\"d8514p\" data-start=\"1243\" data-end=\"1271\"><strong data-start=\"1245\" data-end=\"1269\">Freedom and equality<\/strong><\/li>\n<li data-section-id=\"1ltn9en\" data-start=\"1272\" data-end=\"1323\">The fight against <strong data-start=\"1292\" data-end=\"1321\">racism and discrimination<\/strong><\/li>\n<li data-section-id=\"1kxm37g\" data-start=\"1324\" data-end=\"1372\">The transformative power of music in society<\/li>\n<\/ul>\n<p data-start=\"1374\" data-end=\"1545\">In Mallorca, the event is organized by the <span class=\"hover:entity-accent entity-underline inline cursor-pointer align-baseline\"><span class=\"whitespace-normal\">Escola de M\u00fasica Ireneu Segarra<\/span><\/span>, the <span class=\"hover:entity-accent entity-underline inline cursor-pointer align-baseline\"><span class=\"whitespace-normal\">Centro UNESCO Mallorca<\/span><\/span>, and the <span class=\"hover:entity-accent entity-underline inline cursor-pointer align-baseline\"><span class=\"whitespace-normal\">Fundaci\u00f3 Mir\u00f3 Mallorca<\/span><\/span>.<\/p>\n<hr data-start=\"1547\" data-end=\"1550\" \/>\n<h2 data-section-id=\"121rhoh\" data-start=\"1552\" data-end=\"1601\">International Jazz Day Mallorca 2026 programme<\/h2>\n<p data-start=\"1603\" data-end=\"1720\">The event features a cultural programme designed for all audiences, combining live music and audiovisual experiences.<\/p>\n<h3 data-section-id=\"g3r650\" data-start=\"1722\" data-end=\"1770\">\ud83c\udfb7 Live performance: Tocabemolls Jazz Band<\/h3>\n<p data-start=\"1771\" data-end=\"1947\">The event begins with a performance by <strong data-start=\"1810\" data-end=\"1825\">Tocabemolls<\/strong>, a jazz group made up of young musicians aged 8 to 15 from the Escola de M\u00fasica Ireneu Segarra, conducted by Emili Vivas.<\/p>\n<h3 data-section-id=\"dbkcxf\" data-start=\"1949\" data-end=\"1993\">\ud83c\udfac Special screening: \u201cBlues for Mir\u00f3\u201d<\/h3>\n<p data-start=\"1994\" data-end=\"2245\">After the concert, there will be a screening of <strong data-start=\"2042\" data-end=\"2063\">\u201cBlues for Mir\u00f3,\u201d<\/strong> a piece that connects the work of <span class=\"hover:entity-accent entity-underline inline cursor-pointer align-baseline\"><span class=\"whitespace-normal\">Joan Mir\u00f3<\/span><\/span> with the music of <span class=\"hover:entity-accent entity-underline inline cursor-pointer align-baseline\"><span class=\"whitespace-normal\">Duke Ellington<\/span><\/span>, one of the most influential figures in jazz history.<\/p>\n<hr data-start=\"2247\" data-end=\"2250\" \/>\n<h2 data-section-id=\"1rug7xu\" data-start=\"2252\" data-end=\"2271\">\ud83d\udd52 Session times<\/h2>\n<ul data-start=\"2273\" data-end=\"2326\">\n<li data-section-id=\"18yl4ng\" data-start=\"2273\" data-end=\"2299\"><strong data-start=\"2275\" data-end=\"2289\">Session 1:<\/strong> 5:30 pm<\/li>\n<li data-section-id=\"1vhhtf2\" data-start=\"2300\" data-end=\"2326\"><strong data-start=\"2302\" data-end=\"2316\">Session 2:<\/strong> 7:00 pm<\/li>\n<\/ul>\n<hr data-start=\"2328\" data-end=\"2331\" \/>\n<h2 data-section-id=\"1uo7r3y\" data-start=\"2333\" data-end=\"2371\">A must-do cultural plan in Mallorca<\/h2>\n<p data-start=\"2373\" data-end=\"2619\"><strong data-start=\"2373\" data-end=\"2413\">International Jazz Day Mallorca 2026<\/strong> stands out as one of the most special cultural events of the spring on the island. It\u2019s a unique opportunity to enjoy live music, discover emerging talent, and experience the dialogue between art and jazz.<\/p>\n<p data-start=\"2590\" data-end=\"2876\"><img decoding=\"async\" class=\"alignnone size-full wp-image-44191\" src=\"https:\/\/mallorcacaprice.com\/wp-content\/uploads\/2025\/07\/banyalbujazz-aire-libre-2025.webp\" alt=\"cicle jazz calvi\u00e0 2026\" width=\"1280\" height=\"717\" \/><\/p>\n","protected":false},"excerpt":{"rendered":"<p>The XV International Jazz Day Mallorca 2026 takes place on <a href=\"https:\/\/mallorcacaprice.com\/en\/jazz-mallorca-fundacio-miro-2026\/\"> [&#8230;]<\/a><\/p>\n","protected":false},"author":4,"featured_media":44192,"comment_status":"open","ping_status":"open","sticky":false,"template":"","format":"standard","meta":{"footnotes":""},"categories":[136],"tags":[],"class_list":["post-46219","post","type-post","status-publish","format-standard","has-post-thumbnail","hentry","category-blog-en"],"yoast_head":"<!-- This site is optimized with the Yoast SEO plugin v26.6 - https:\/\/yoast.com\/wordpress\/plugins\/seo\/ -->\n<title>International Jazz Day Mallorca 2026: Mir\u00f3 &amp; Jazz at Fundaci\u00f3 Mir\u00f3 - Mallorca Caprice<\/title>\n<meta name=\"description\" content=\"The 15th International Jazz Day Mallorca 2026 will be celebrated with a cultural programme that brings together art and music under the theme \u201cMir\u00f3 &amp; Jazz\u201d.\" \/>\n<meta name=\"robots\" content=\"index, follow, max-snippet:-1, max-image-preview:large, max-video-preview:-1\" \/>\n<link rel=\"canonical\" href=\"https:\/\/mallorcacaprice.com\/en\/jazz-mallorca-fundacio-miro-2026\/\" \/>\n<meta property=\"og:locale\" content=\"en_US\" \/>\n<meta property=\"og:type\" content=\"article\" \/>\n<meta property=\"og:title\" content=\"International Jazz Day Mallorca 2026: Mir\u00f3 &amp; Jazz at Fundaci\u00f3 Mir\u00f3 - Mallorca Caprice\" \/>\n<meta property=\"og:description\" content=\"The 15th International Jazz Day Mallorca 2026 will be celebrated with a cultural programme that brings together art and music under the theme \u201cMir\u00f3 &amp; Jazz\u201d.\" \/>\n<meta property=\"og:url\" content=\"https:\/\/mallorcacaprice.com\/en\/jazz-mallorca-fundacio-miro-2026\/\" \/>\n<meta property=\"og:site_name\" content=\"Mallorca Caprice\" \/>\n<meta property=\"article:published_time\" content=\"2026-04-27T07:00:59+00:00\" \/>\n<meta property=\"article:modified_time\" content=\"2026-04-27T07:53:53+00:00\" \/>\n<meta property=\"og:image\" content=\"https:\/\/mallorcacaprice.com\/wp-content\/uploads\/2025\/07\/banyalbujazz-aire-libre-2025.webp\" \/>\n\t<meta property=\"og:image:width\" content=\"1280\" \/>\n\t<meta property=\"og:image:height\" content=\"717\" \/>\n\t<meta property=\"og:image:type\" content=\"image\/webp\" \/>\n<meta name=\"author\" content=\"Mallorca Caprice\" \/>\n<meta name=\"twitter:card\" content=\"summary_large_image\" \/>\n<meta name=\"twitter:label1\" content=\"Written by\" \/>\n\t<meta name=\"twitter:data1\" content=\"Mallorca Caprice\" \/>\n\t<meta name=\"twitter:label2\" content=\"Est. reading time\" \/>\n\t<meta name=\"twitter:data2\" content=\"3 minutes\" \/>\n<script type=\"application\/ld+json\" class=\"yoast-schema-graph\">{\"@context\":\"https:\/\/schema.org\",\"@graph\":[{\"@type\":\"WebPage\",\"@id\":\"https:\/\/mallorcacaprice.com\/en\/jazz-mallorca-fundacio-miro-2026\/\",\"url\":\"https:\/\/mallorcacaprice.com\/en\/jazz-mallorca-fundacio-miro-2026\/\",\"name\":\"International Jazz Day Mallorca 2026: Mir\u00f3 & Jazz at Fundaci\u00f3 Mir\u00f3 - Mallorca Caprice\",\"isPartOf\":{\"@id\":\"https:\/\/mallorcacaprice.com\/#website\"},\"primaryImageOfPage\":{\"@id\":\"https:\/\/mallorcacaprice.com\/en\/jazz-mallorca-fundacio-miro-2026\/#primaryimage\"},\"image\":{\"@id\":\"https:\/\/mallorcacaprice.com\/en\/jazz-mallorca-fundacio-miro-2026\/#primaryimage\"},\"thumbnailUrl\":\"https:\/\/mallorcacaprice.com\/wp-content\/uploads\/2025\/07\/banyalbujazz-aire-libre-2025.webp\",\"datePublished\":\"2026-04-27T07:00:59+00:00\",\"dateModified\":\"2026-04-27T07:53:53+00:00\",\"author\":{\"@id\":\"https:\/\/mallorcacaprice.com\/#\/schema\/person\/08fd62871ccb7d9177e190ed2780afef\"},\"description\":\"The 15th International Jazz Day Mallorca 2026 will be celebrated with a cultural programme that brings together art and music under the theme \u201cMir\u00f3 & Jazz\u201d.\",\"breadcrumb\":{\"@id\":\"https:\/\/mallorcacaprice.com\/en\/jazz-mallorca-fundacio-miro-2026\/#breadcrumb\"},\"inLanguage\":\"en-US\",\"potentialAction\":[{\"@type\":\"ReadAction\",\"target\":[\"https:\/\/mallorcacaprice.com\/en\/jazz-mallorca-fundacio-miro-2026\/\"]}]},{\"@type\":\"ImageObject\",\"inLanguage\":\"en-US\",\"@id\":\"https:\/\/mallorcacaprice.com\/en\/jazz-mallorca-fundacio-miro-2026\/#primaryimage\",\"url\":\"https:\/\/mallorcacaprice.com\/wp-content\/uploads\/2025\/07\/banyalbujazz-aire-libre-2025.webp\",\"contentUrl\":\"https:\/\/mallorcacaprice.com\/wp-content\/uploads\/2025\/07\/banyalbujazz-aire-libre-2025.webp\",\"width\":1280,\"height\":717,\"caption\":\"banyalbujazz aire libre 2025\"},{\"@type\":\"BreadcrumbList\",\"@id\":\"https:\/\/mallorcacaprice.com\/en\/jazz-mallorca-fundacio-miro-2026\/#breadcrumb\",\"itemListElement\":[{\"@type\":\"ListItem\",\"position\":1,\"name\":\"Portada\",\"item\":\"https:\/\/mallorcacaprice.com\/en\/\"},{\"@type\":\"ListItem\",\"position\":2,\"name\":\"International Jazz Day Mallorca 2026: Mir\u00f3 &#038; Jazz at Fundaci\u00f3 Mir\u00f3 Mallorca\"}]},{\"@type\":\"WebSite\",\"@id\":\"https:\/\/mallorcacaprice.com\/#website\",\"url\":\"https:\/\/mallorcacaprice.com\/\",\"name\":\"Mallorca Caprice\",\"description\":\"Mediterranean happiness guide\",\"potentialAction\":[{\"@type\":\"SearchAction\",\"target\":{\"@type\":\"EntryPoint\",\"urlTemplate\":\"https:\/\/mallorcacaprice.com\/?s={search_term_string}\"},\"query-input\":{\"@type\":\"PropertyValueSpecification\",\"valueRequired\":true,\"valueName\":\"search_term_string\"}}],\"inLanguage\":\"en-US\"},{\"@type\":\"Person\",\"@id\":\"https:\/\/mallorcacaprice.com\/#\/schema\/person\/08fd62871ccb7d9177e190ed2780afef\",\"name\":\"Mallorca Caprice\",\"image\":{\"@type\":\"ImageObject\",\"inLanguage\":\"en-US\",\"@id\":\"https:\/\/mallorcacaprice.com\/#\/schema\/person\/image\/\",\"url\":\"https:\/\/secure.gravatar.com\/avatar\/54a4bcd1a68eccdda3505d7ee5d6ebb8e5dd78095a07d388940305fac2e49572?s=96&d=mm&r=g\",\"contentUrl\":\"https:\/\/secure.gravatar.com\/avatar\/54a4bcd1a68eccdda3505d7ee5d6ebb8e5dd78095a07d388940305fac2e49572?s=96&d=mm&r=g\",\"caption\":\"Mallorca Caprice\"},\"url\":\"https:\/\/mallorcacaprice.com\/en\/author\/elena\/\"}]}<\/script>\n<!-- \/ Yoast SEO plugin. -->","yoast_head_json":{"title":"International Jazz Day Mallorca 2026: Mir\u00f3 & Jazz at Fundaci\u00f3 Mir\u00f3 - Mallorca Caprice","description":"The 15th International Jazz Day Mallorca 2026 will be celebrated with a cultural programme that brings together art and music under the theme \u201cMir\u00f3 & Jazz\u201d.","robots":{"index":"index","follow":"follow","max-snippet":"max-snippet:-1","max-image-preview":"max-image-preview:large","max-video-preview":"max-video-preview:-1"},"canonical":"https:\/\/mallorcacaprice.com\/en\/jazz-mallorca-fundacio-miro-2026\/","og_locale":"en_US","og_type":"article","og_title":"International Jazz Day Mallorca 2026: Mir\u00f3 & Jazz at Fundaci\u00f3 Mir\u00f3 - Mallorca Caprice","og_description":"The 15th International Jazz Day Mallorca 2026 will be celebrated with a cultural programme that brings together art and music under the theme \u201cMir\u00f3 & Jazz\u201d.","og_url":"https:\/\/mallorcacaprice.com\/en\/jazz-mallorca-fundacio-miro-2026\/","og_site_name":"Mallorca Caprice","article_published_time":"2026-04-27T07:00:59+00:00","article_modified_time":"2026-04-27T07:53:53+00:00","og_image":[{"width":1280,"height":717,"url":"https:\/\/mallorcacaprice.com\/wp-content\/uploads\/2025\/07\/banyalbujazz-aire-libre-2025.webp","type":"image\/webp"}],"author":"Mallorca Caprice","twitter_card":"summary_large_image","twitter_misc":{"Written by":"Mallorca Caprice","Est. reading time":"3 minutes"},"schema":{"@context":"https:\/\/schema.org","@graph":[{"@type":"WebPage","@id":"https:\/\/mallorcacaprice.com\/en\/jazz-mallorca-fundacio-miro-2026\/","url":"https:\/\/mallorcacaprice.com\/en\/jazz-mallorca-fundacio-miro-2026\/","name":"International Jazz Day Mallorca 2026: Mir\u00f3 & Jazz at Fundaci\u00f3 Mir\u00f3 - Mallorca Caprice","isPartOf":{"@id":"https:\/\/mallorcacaprice.com\/#website"},"primaryImageOfPage":{"@id":"https:\/\/mallorcacaprice.com\/en\/jazz-mallorca-fundacio-miro-2026\/#primaryimage"},"image":{"@id":"https:\/\/mallorcacaprice.com\/en\/jazz-mallorca-fundacio-miro-2026\/#primaryimage"},"thumbnailUrl":"https:\/\/mallorcacaprice.com\/wp-content\/uploads\/2025\/07\/banyalbujazz-aire-libre-2025.webp","datePublished":"2026-04-27T07:00:59+00:00","dateModified":"2026-04-27T07:53:53+00:00","author":{"@id":"https:\/\/mallorcacaprice.com\/#\/schema\/person\/08fd62871ccb7d9177e190ed2780afef"},"description":"The 15th International Jazz Day Mallorca 2026 will be celebrated with a cultural programme that brings together art and music under the theme \u201cMir\u00f3 & Jazz\u201d.","breadcrumb":{"@id":"https:\/\/mallorcacaprice.com\/en\/jazz-mallorca-fundacio-miro-2026\/#breadcrumb"},"inLanguage":"en-US","potentialAction":[{"@type":"ReadAction","target":["https:\/\/mallorcacaprice.com\/en\/jazz-mallorca-fundacio-miro-2026\/"]}]},{"@type":"ImageObject","inLanguage":"en-US","@id":"https:\/\/mallorcacaprice.com\/en\/jazz-mallorca-fundacio-miro-2026\/#primaryimage","url":"https:\/\/mallorcacaprice.com\/wp-content\/uploads\/2025\/07\/banyalbujazz-aire-libre-2025.webp","contentUrl":"https:\/\/mallorcacaprice.com\/wp-content\/uploads\/2025\/07\/banyalbujazz-aire-libre-2025.webp","width":1280,"height":717,"caption":"banyalbujazz aire libre 2025"},{"@type":"BreadcrumbList","@id":"https:\/\/mallorcacaprice.com\/en\/jazz-mallorca-fundacio-miro-2026\/#breadcrumb","itemListElement":[{"@type":"ListItem","position":1,"name":"Portada","item":"https:\/\/mallorcacaprice.com\/en\/"},{"@type":"ListItem","position":2,"name":"International Jazz Day Mallorca 2026: Mir\u00f3 &#038; Jazz at Fundaci\u00f3 Mir\u00f3 Mallorca"}]},{"@type":"WebSite","@id":"https:\/\/mallorcacaprice.com\/#website","url":"https:\/\/mallorcacaprice.com\/","name":"Mallorca Caprice","description":"Mediterranean happiness guide","potentialAction":[{"@type":"SearchAction","target":{"@type":"EntryPoint","urlTemplate":"https:\/\/mallorcacaprice.com\/?s={search_term_string}"},"query-input":{"@type":"PropertyValueSpecification","valueRequired":true,"valueName":"search_term_string"}}],"inLanguage":"en-US"},{"@type":"Person","@id":"https:\/\/mallorcacaprice.com\/#\/schema\/person\/08fd62871ccb7d9177e190ed2780afef","name":"Mallorca Caprice","image":{"@type":"ImageObject","inLanguage":"en-US","@id":"https:\/\/mallorcacaprice.com\/#\/schema\/person\/image\/","url":"https:\/\/secure.gravatar.com\/avatar\/54a4bcd1a68eccdda3505d7ee5d6ebb8e5dd78095a07d388940305fac2e49572?s=96&d=mm&r=g","contentUrl":"https:\/\/secure.gravatar.com\/avatar\/54a4bcd1a68eccdda3505d7ee5d6ebb8e5dd78095a07d388940305fac2e49572?s=96&d=mm&r=g","caption":"Mallorca Caprice"},"url":"https:\/\/mallorcacaprice.com\/en\/author\/elena\/"}]}},"_links":{"self":[{"href":"https:\/\/mallorcacaprice.com\/en\/wp-json\/wp\/v2\/posts\/46219","targetHints":{"allow":["GET"]}}],"collection":[{"href":"https:\/\/mallorcacaprice.com\/en\/wp-json\/wp\/v2\/posts"}],"about":[{"href":"https:\/\/mallorcacaprice.com\/en\/wp-json\/wp\/v2\/types\/post"}],"author":[{"embeddable":true,"href":"https:\/\/mallorcacaprice.com\/en\/wp-json\/wp\/v2\/users\/4"}],"replies":[{"embeddable":true,"href":"https:\/\/mallorcacaprice.com\/en\/wp-json\/wp\/v2\/comments?post=46219"}],"version-history":[{"count":1,"href":"https:\/\/mallorcacaprice.com\/en\/wp-json\/wp\/v2\/posts\/46219\/revisions"}],"predecessor-version":[{"id":46220,"href":"https:\/\/mallorcacaprice.com\/en\/wp-json\/wp\/v2\/posts\/46219\/revisions\/46220"}],"wp:featuredmedia":[{"embeddable":true,"href":"https:\/\/mallorcacaprice.com\/en\/wp-json\/wp\/v2\/media\/44192"}],"wp:attachment":[{"href":"https:\/\/mallorcacaprice.com\/en\/wp-json\/wp\/v2\/media?parent=46219"}],"wp:term":[{"taxonomy":"category","embeddable":true,"href":"https:\/\/mallorcacaprice.com\/en\/wp-json\/wp\/v2\/categories?post=46219"},{"taxonomy":"post_tag","embeddable":true,"href":"https:\/\/mallorcacaprice.com\/en\/wp-json\/wp\/v2\/tags?post=46219"}],"curies":[{"name":"wp","href":"https:\/\/api.w.org\/{rel}","templated":true}]}}