{"id":45598,"date":"2025-12-12T09:00:21","date_gmt":"2025-12-12T08:00:21","guid":{"rendered":"https:\/\/mallorcacaprice.com\/?p=45598"},"modified":"2025-12-10T15:38:10","modified_gmt":"2025-12-10T14:38:10","slug":"elements-mallorca-2025-sagrats-cors-palma","status":"publish","type":"post","link":"https:\/\/mallorcacaprice.com\/en\/elements-mallorca-2025-sagrats-cors-palma\/","title":{"rendered":"Elements Mallorca 2025: immersive experience and light at the Esgl\u00e9sia dels Sagrats Cors in Palma"},"content":{"rendered":"<p data-start=\"317\" data-end=\"659\"><strong data-start=\"317\" data-end=\"343\">Elements Mallorca 2025<\/strong> arrives in Palma as one of the major cultural premieres of the Christmas season. Starting on <strong data-start=\"441\" data-end=\"468\">10 December 2025<\/strong>, the <strong data-start=\"473\" data-end=\"517\">Esgl\u00e9sia dels Sagrats Cors (Sant Gaiet\u00e0)<\/strong> is transformed into a temple of light, music and emotion with a <strong data-start=\"578\" data-end=\"607\">360\u00ba immersive projection<\/strong> created specifically for this historic space.<\/p>\n<p data-start=\"661\" data-end=\"904\">The show, produced by <strong data-start=\"691\" data-end=\"713\">Spiritual Mallorca<\/strong>, invites visitors to \u201csee the invisible\u201d and immerse themselves in a visual and sound creation based on the <strong data-start=\"811\" data-end=\"848\">four elements of nature<\/strong> and the figure of <strong data-start=\"867\" data-end=\"903\">Ramon Llull as the fifth element<\/strong>.<\/p>\n<p data-start=\"906\" data-end=\"1013\">A unique proposal in Mallorca, designed for all audiences and perfect as a cultural plan in winter.<\/p>\n<h2 data-start=\"1020\" data-end=\"1083\"><strong data-start=\"1023\" data-end=\"1083\">What is Elements Mallorca: a 360\u00ba immersive experience<\/strong><\/h2>\n<p><img decoding=\"async\" class=\"size-full wp-image-45594 aligncenter\" src=\"https:\/\/mallorcacaprice.com\/wp-content\/uploads\/2025\/12\/espectaculo-luz-iglesia-sagrats-cor-palma.webp\" alt=\"espectaculo luz iglesia sagrats cor palma\" width=\"1578\" height=\"930\" \/><\/p>\n<p data-start=\"1084\" data-end=\"1292\">Elements is not a traditional projection: it is an <strong data-start=\"1142\" data-end=\"1176\">immersive audiovisual installation<\/strong> that integrates music, visual effects, sound design and a symbolic narrative inspired by the natural elements:<\/p>\n<ul data-start=\"1294\" data-end=\"1405\">\n<li data-start=\"1294\" data-end=\"1309\">\n<p data-start=\"1296\" data-end=\"1309\"><strong data-start=\"1299\" data-end=\"1307\">Water<\/strong><\/p>\n<\/li>\n<li data-start=\"1310\" data-end=\"1326\">\n<p data-start=\"1312\" data-end=\"1326\"><strong data-start=\"1315\" data-end=\"1324\">Fire<\/strong><\/p>\n<\/li>\n<li data-start=\"1327\" data-end=\"1343\">\n<p data-start=\"1329\" data-end=\"1343\"><strong data-start=\"1333\" data-end=\"1341\">Air<\/strong><\/p>\n<\/li>\n<li data-start=\"1344\" data-end=\"1361\">\n<p data-start=\"1346\" data-end=\"1361\"><strong data-start=\"1349\" data-end=\"1359\">Earth<\/strong><\/p>\n<\/li>\n<li data-start=\"1362\" data-end=\"1405\">\n<p data-start=\"1364\" data-end=\"1405\"><strong data-start=\"1366\" data-end=\"1403\">Ramon Llull as the central element<\/strong><\/p>\n<\/li>\n<\/ul>\n<p data-start=\"1407\" data-end=\"1593\">The church becomes an interactive space where the audience experiences the artistic creation from within, surrounded by images that cover the walls, vaults and architectural details.<\/p>\n<h2 data-start=\"1600\" data-end=\"1621\"><strong data-start=\"1603\" data-end=\"1621\">Dates and location<\/strong><\/h2>\n<ul data-start=\"1622\" data-end=\"1854\">\n<li data-start=\"1622\" data-end=\"1660\">\n<p data-start=\"1624\" data-end=\"1660\"><strong data-start=\"1624\" data-end=\"1634\">From:<\/strong> 10 December 2025<\/p>\n<\/li>\n<li data-start=\"1661\" data-end=\"1734\">\n<p data-start=\"1663\" data-end=\"1734\"><strong data-start=\"1663\" data-end=\"1673\">Location:<\/strong> <em data-start=\"1674\" data-end=\"1732\">Esgl\u00e9sia dels Sagrats Cors (Esgl\u00e9sia Sant Gaiet\u00e0), Palma<\/em><\/p>\n<\/li>\n<li data-start=\"1735\" data-end=\"1775\">\n<p data-start=\"1737\" data-end=\"1775\"><strong data-start=\"1737\" data-end=\"1752\">Production:<\/strong> <em data-start=\"1753\" data-end=\"1773\">Spiritual Mallorca<\/em><\/p>\n<\/li>\n<li data-start=\"1776\" data-end=\"1854\">\n<p data-start=\"1778\" data-end=\"1854\"><strong data-start=\"1778\" data-end=\"1791\">Tickets:<\/strong> available at<br data-start=\"1806\" data-end=\"1809\" \/>\ud83d\udc49 <a class=\"decorated-link\" href=\"https:\/\/spiritualmallorca.com\/elements\" target=\"_new\" rel=\"noopener\" data-start=\"1814\" data-end=\"1852\">https:\/\/spiritualmallorca.com\/elements<\/a><\/p>\n<\/li>\n<\/ul>\n<h2 data-start=\"1861\" data-end=\"1889\"><strong data-start=\"1864\" data-end=\"1889\">Showtime schedule<\/strong><\/h2>\n<p data-start=\"1890\" data-end=\"1927\">Several sessions are held each day:<\/p>\n<ul data-start=\"1929\" data-end=\"1990\">\n<li data-start=\"1929\" data-end=\"1944\">\n<p data-start=\"1931\" data-end=\"1944\"><strong data-start=\"1931\" data-end=\"1942\">13:00<\/strong><\/p>\n<\/li>\n<li data-start=\"1945\" data-end=\"1960\">\n<p data-start=\"1947\" data-end=\"1960\"><strong data-start=\"1947\" data-end=\"1958\">16:00<\/strong><\/p>\n<\/li>\n<li data-start=\"1961\" data-end=\"1976\">\n<p data-start=\"1963\" data-end=\"1976\"><strong data-start=\"1963\" data-end=\"1974\">18:00<\/strong><\/p>\n<\/li>\n<li data-start=\"1977\" data-end=\"1990\">\n<p data-start=\"1979\" data-end=\"1990\"><strong data-start=\"1979\" data-end=\"1990\">20:00<\/strong><\/p>\n<\/li>\n<\/ul>\n<p data-start=\"1992\" data-end=\"2107\">\u23f3 <em data-start=\"1994\" data-end=\"2022\">Running time:<\/em> 25 minutes<br data-start=\"2033\" data-end=\"2036\" \/>It is recommended to arrive <strong data-start=\"2057\" data-end=\"2077\">10 minutes early<\/strong> for entry and seating.<\/p>\n<h2 data-start=\"2114\" data-end=\"2144\"><strong data-start=\"2117\" data-end=\"2144\">Ticket prices<\/strong><\/h2>\n<ul data-start=\"2145\" data-end=\"2358\">\n<li data-start=\"2145\" data-end=\"2169\">\n<p data-start=\"2147\" data-end=\"2169\"><strong data-start=\"2147\" data-end=\"2159\">General:<\/strong> \u20ac18.50<\/p>\n<\/li>\n<li data-start=\"2170\" data-end=\"2269\">\n<p data-start=\"2172\" data-end=\"2195\"><strong data-start=\"2172\" data-end=\"2185\">Reduced:<\/strong> \u20ac16.00<\/p>\n<ul data-start=\"2198\" data-end=\"2269\">\n<li data-start=\"2198\" data-end=\"2228\">\n<p data-start=\"2200\" data-end=\"2228\"><em data-start=\"2200\" data-end=\"2226\">Seniors (65+)<\/em><\/p>\n<\/li>\n<li data-start=\"2231\" data-end=\"2269\">\n<p data-start=\"2233\" data-end=\"2269\"><em data-start=\"2233\" data-end=\"2267\">Residents of the Balearic Islands<\/em><\/p>\n<\/li>\n<\/ul>\n<\/li>\n<li data-start=\"2270\" data-end=\"2318\">\n<p data-start=\"2272\" data-end=\"2295\"><strong data-start=\"2272\" data-end=\"2285\">Children:<\/strong> \u20ac12.00<\/p>\n<ul data-start=\"2298\" data-end=\"2318\">\n<li data-start=\"2298\" data-end=\"2318\">\n<p data-start=\"2300\" data-end=\"2318\"><em data-start=\"2300\" data-end=\"2316\">Ages 5 to 12<\/em><\/p>\n<\/li>\n<\/ul>\n<\/li>\n<li data-start=\"2319\" data-end=\"2358\">\n<p data-start=\"2321\" data-end=\"2358\"><strong data-start=\"2321\" data-end=\"2349\">Children under 5:<\/strong> <em data-start=\"2350\" data-end=\"2358\">free<\/em><\/p>\n<\/li>\n<\/ul>\n<p data-start=\"2360\" data-end=\"2414\">The activity is <strong data-start=\"2376\" data-end=\"2389\">accessible<\/strong> for all audiences.<\/p>\n<h2 data-start=\"2421\" data-end=\"2465\"><strong data-start=\"2424\" data-end=\"2465\">Why you shouldn\u2019t miss Elements Mallorca<\/strong><\/h2>\n<ul data-start=\"2466\" data-end=\"2840\">\n<li data-start=\"2466\" data-end=\"2547\">\n<p data-start=\"2468\" data-end=\"2547\">It is one of the <strong data-start=\"2482\" data-end=\"2523\">most innovative immersive experiences<\/strong> arriving on the island.<\/p>\n<\/li>\n<li data-start=\"2548\" data-end=\"2622\">\n<p data-start=\"2550\" data-end=\"2622\">Its production blends digital art, architecture and historical narrative.<\/p>\n<\/li>\n<li data-start=\"2623\" data-end=\"2689\">\n<p data-start=\"2625\" data-end=\"2689\">The figure of <strong data-start=\"2638\" data-end=\"2653\">Ramon Llull<\/strong> adds a unique cultural dimension.<\/p>\n<\/li>\n<li data-start=\"2690\" data-end=\"2765\">\n<p data-start=\"2692\" data-end=\"2765\">An excellent Christmas, tourist or family plan in the heart of Palma.<\/p>\n<\/li>\n<li data-start=\"2766\" data-end=\"2840\">\n<p data-start=\"2768\" data-end=\"2840\">Held in an iconic venue: the <strong data-start=\"2813\" data-end=\"2839\">Sant Gaiet\u00e0 church<\/strong>.<\/p>\n<\/li>\n<\/ul>\n<h2 data-start=\"2847\" data-end=\"2885\"><strong data-start=\"2850\" data-end=\"2885\">How to make the most of the experience<\/strong><\/h2>\n<ul data-start=\"2886\" data-end=\"3158\">\n<li data-start=\"2886\" data-end=\"2933\">\n<p data-start=\"2888\" data-end=\"2933\">Buy your tickets online in advance.<\/p>\n<\/li>\n<li data-start=\"2934\" data-end=\"3001\">\n<p data-start=\"2936\" data-end=\"3001\">Arrive early to enjoy the atmosphere of the temple.<\/p>\n<\/li>\n<li data-start=\"3002\" data-end=\"3066\">\n<p data-start=\"3004\" data-end=\"3066\">Choose an evening session if you prefer a more intimate atmosphere.<\/p>\n<\/li>\n<li data-start=\"3067\" data-end=\"3158\">\n<p data-start=\"3069\" data-end=\"3158\">Combine the visit with a walk around the <strong data-start=\"3108\" data-end=\"3134\">Santa Catalina<\/strong> area or Palma\u2019s city centre.<\/p>\n<\/li>\n<\/ul>\n","protected":false},"excerpt":{"rendered":"<p>Elements Mallorca 2025 arrives in Palma as one of the <a href=\"https:\/\/mallorcacaprice.com\/en\/elements-mallorca-2025-sagrats-cors-palma\/\"> [&#8230;]<\/a><\/p>\n","protected":false},"author":4,"featured_media":45595,"comment_status":"open","ping_status":"open","sticky":false,"template":"","format":"standard","meta":{"footnotes":""},"categories":[136],"tags":[],"class_list":["post-45598","post","type-post","status-publish","format-standard","has-post-thumbnail","hentry","category-blog-en"],"yoast_head":"<!-- This site is optimized with the Yoast SEO plugin v26.6 - https:\/\/yoast.com\/wordpress\/plugins\/seo\/ -->\n<title>Elements Mallorca 2025: experience and light at Sagrats Cors, Palma - Mallorca Caprice<\/title>\n<meta name=\"description\" content=\"Elements Mallorca 2025 arrives in Palma as one of the major cultural premieres of the 2025 Christmas season at the Esgl\u00e9sia dels Sagrats Cors.\" \/>\n<meta name=\"robots\" content=\"index, follow, max-snippet:-1, max-image-preview:large, max-video-preview:-1\" \/>\n<link rel=\"canonical\" href=\"https:\/\/mallorcacaprice.com\/elements-mallorca-2025-sagrats-cors-palma\/\" \/>\n<meta property=\"og:locale\" content=\"en_US\" \/>\n<meta property=\"og:type\" content=\"article\" \/>\n<meta property=\"og:title\" content=\"Elements Mallorca 2025: experience and light at Sagrats Cors, Palma - Mallorca Caprice\" \/>\n<meta property=\"og:description\" content=\"Elements Mallorca 2025 arrives in Palma as one of the major cultural premieres of the 2025 Christmas season at the Esgl\u00e9sia dels Sagrats Cors.\" \/>\n<meta property=\"og:url\" content=\"https:\/\/mallorcacaprice.com\/elements-mallorca-2025-sagrats-cors-palma\/\" \/>\n<meta property=\"og:site_name\" content=\"Mallorca Caprice\" \/>\n<meta property=\"article:published_time\" content=\"2025-12-12T08:00:21+00:00\" \/>\n<meta property=\"og:image\" content=\"https:\/\/mallorcacaprice.com\/wp-content\/uploads\/2025\/12\/espectaculo-luz-iglesia-sagrats-cor-palma.webp\" \/>\n\t<meta property=\"og:image:width\" content=\"1578\" \/>\n\t<meta property=\"og:image:height\" content=\"930\" \/>\n\t<meta property=\"og:image:type\" content=\"image\/webp\" \/>\n<meta name=\"author\" content=\"Mallorca Caprice\" \/>\n<meta name=\"twitter:card\" content=\"summary_large_image\" \/>\n<meta name=\"twitter:label1\" content=\"Written by\" \/>\n\t<meta name=\"twitter:data1\" content=\"Mallorca Caprice\" \/>\n\t<meta name=\"twitter:label2\" content=\"Est. reading time\" \/>\n\t<meta name=\"twitter:data2\" content=\"3 minutes\" \/>\n<script type=\"application\/ld+json\" class=\"yoast-schema-graph\">{\"@context\":\"https:\/\/schema.org\",\"@graph\":[{\"@type\":\"WebPage\",\"@id\":\"https:\/\/mallorcacaprice.com\/elements-mallorca-2025-sagrats-cors-palma\/\",\"url\":\"https:\/\/mallorcacaprice.com\/elements-mallorca-2025-sagrats-cors-palma\/\",\"name\":\"Elements Mallorca 2025: experience and light at Sagrats Cors, Palma - Mallorca Caprice\",\"isPartOf\":{\"@id\":\"https:\/\/mallorcacaprice.com\/#website\"},\"primaryImageOfPage\":{\"@id\":\"https:\/\/mallorcacaprice.com\/elements-mallorca-2025-sagrats-cors-palma\/#primaryimage\"},\"image\":{\"@id\":\"https:\/\/mallorcacaprice.com\/elements-mallorca-2025-sagrats-cors-palma\/#primaryimage\"},\"thumbnailUrl\":\"https:\/\/mallorcacaprice.com\/wp-content\/uploads\/2025\/12\/espectaculo-luz-iglesia-sagrats-cor-palma.webp\",\"datePublished\":\"2025-12-12T08:00:21+00:00\",\"author\":{\"@id\":\"https:\/\/mallorcacaprice.com\/#\/schema\/person\/08fd62871ccb7d9177e190ed2780afef\"},\"description\":\"Elements Mallorca 2025 arrives in Palma as one of the major cultural premieres of the 2025 Christmas season at the Esgl\u00e9sia dels Sagrats Cors.\",\"breadcrumb\":{\"@id\":\"https:\/\/mallorcacaprice.com\/elements-mallorca-2025-sagrats-cors-palma\/#breadcrumb\"},\"inLanguage\":\"en-US\",\"potentialAction\":[{\"@type\":\"ReadAction\",\"target\":[\"https:\/\/mallorcacaprice.com\/elements-mallorca-2025-sagrats-cors-palma\/\"]}]},{\"@type\":\"ImageObject\",\"inLanguage\":\"en-US\",\"@id\":\"https:\/\/mallorcacaprice.com\/elements-mallorca-2025-sagrats-cors-palma\/#primaryimage\",\"url\":\"https:\/\/mallorcacaprice.com\/wp-content\/uploads\/2025\/12\/espectaculo-luz-iglesia-sagrats-cor-palma.webp\",\"contentUrl\":\"https:\/\/mallorcacaprice.com\/wp-content\/uploads\/2025\/12\/espectaculo-luz-iglesia-sagrats-cor-palma.webp\",\"width\":1578,\"height\":930,\"caption\":\"espectaculo luz iglesia sagrats cor palma\"},{\"@type\":\"BreadcrumbList\",\"@id\":\"https:\/\/mallorcacaprice.com\/elements-mallorca-2025-sagrats-cors-palma\/#breadcrumb\",\"itemListElement\":[{\"@type\":\"ListItem\",\"position\":1,\"name\":\"Portada\",\"item\":\"https:\/\/mallorcacaprice.com\/en\/\"},{\"@type\":\"ListItem\",\"position\":2,\"name\":\"Elements Mallorca 2025: immersive experience and light at the Esgl\u00e9sia dels Sagrats Cors in Palma\"}]},{\"@type\":\"WebSite\",\"@id\":\"https:\/\/mallorcacaprice.com\/#website\",\"url\":\"https:\/\/mallorcacaprice.com\/\",\"name\":\"Mallorca Caprice\",\"description\":\"Mediterranean happiness guide\",\"potentialAction\":[{\"@type\":\"SearchAction\",\"target\":{\"@type\":\"EntryPoint\",\"urlTemplate\":\"https:\/\/mallorcacaprice.com\/?s={search_term_string}\"},\"query-input\":{\"@type\":\"PropertyValueSpecification\",\"valueRequired\":true,\"valueName\":\"search_term_string\"}}],\"inLanguage\":\"en-US\"},{\"@type\":\"Person\",\"@id\":\"https:\/\/mallorcacaprice.com\/#\/schema\/person\/08fd62871ccb7d9177e190ed2780afef\",\"name\":\"Mallorca Caprice\",\"image\":{\"@type\":\"ImageObject\",\"inLanguage\":\"en-US\",\"@id\":\"https:\/\/mallorcacaprice.com\/#\/schema\/person\/image\/\",\"url\":\"https:\/\/secure.gravatar.com\/avatar\/54a4bcd1a68eccdda3505d7ee5d6ebb8e5dd78095a07d388940305fac2e49572?s=96&d=mm&r=g\",\"contentUrl\":\"https:\/\/secure.gravatar.com\/avatar\/54a4bcd1a68eccdda3505d7ee5d6ebb8e5dd78095a07d388940305fac2e49572?s=96&d=mm&r=g\",\"caption\":\"Mallorca Caprice\"},\"url\":\"https:\/\/mallorcacaprice.com\/en\/author\/elena\/\"}]}<\/script>\n<!-- \/ Yoast SEO plugin. -->","yoast_head_json":{"title":"Elements Mallorca 2025: experience and light at Sagrats Cors, Palma - Mallorca Caprice","description":"Elements Mallorca 2025 arrives in Palma as one of the major cultural premieres of the 2025 Christmas season at the Esgl\u00e9sia dels Sagrats Cors.","robots":{"index":"index","follow":"follow","max-snippet":"max-snippet:-1","max-image-preview":"max-image-preview:large","max-video-preview":"max-video-preview:-1"},"canonical":"https:\/\/mallorcacaprice.com\/elements-mallorca-2025-sagrats-cors-palma\/","og_locale":"en_US","og_type":"article","og_title":"Elements Mallorca 2025: experience and light at Sagrats Cors, Palma - Mallorca Caprice","og_description":"Elements Mallorca 2025 arrives in Palma as one of the major cultural premieres of the 2025 Christmas season at the Esgl\u00e9sia dels Sagrats Cors.","og_url":"https:\/\/mallorcacaprice.com\/elements-mallorca-2025-sagrats-cors-palma\/","og_site_name":"Mallorca Caprice","article_published_time":"2025-12-12T08:00:21+00:00","og_image":[{"width":1578,"height":930,"url":"https:\/\/mallorcacaprice.com\/wp-content\/uploads\/2025\/12\/espectaculo-luz-iglesia-sagrats-cor-palma.webp","type":"image\/webp"}],"author":"Mallorca Caprice","twitter_card":"summary_large_image","twitter_misc":{"Written by":"Mallorca Caprice","Est. reading time":"3 minutes"},"schema":{"@context":"https:\/\/schema.org","@graph":[{"@type":"WebPage","@id":"https:\/\/mallorcacaprice.com\/elements-mallorca-2025-sagrats-cors-palma\/","url":"https:\/\/mallorcacaprice.com\/elements-mallorca-2025-sagrats-cors-palma\/","name":"Elements Mallorca 2025: experience and light at Sagrats Cors, Palma - Mallorca Caprice","isPartOf":{"@id":"https:\/\/mallorcacaprice.com\/#website"},"primaryImageOfPage":{"@id":"https:\/\/mallorcacaprice.com\/elements-mallorca-2025-sagrats-cors-palma\/#primaryimage"},"image":{"@id":"https:\/\/mallorcacaprice.com\/elements-mallorca-2025-sagrats-cors-palma\/#primaryimage"},"thumbnailUrl":"https:\/\/mallorcacaprice.com\/wp-content\/uploads\/2025\/12\/espectaculo-luz-iglesia-sagrats-cor-palma.webp","datePublished":"2025-12-12T08:00:21+00:00","author":{"@id":"https:\/\/mallorcacaprice.com\/#\/schema\/person\/08fd62871ccb7d9177e190ed2780afef"},"description":"Elements Mallorca 2025 arrives in Palma as one of the major cultural premieres of the 2025 Christmas season at the Esgl\u00e9sia dels Sagrats Cors.","breadcrumb":{"@id":"https:\/\/mallorcacaprice.com\/elements-mallorca-2025-sagrats-cors-palma\/#breadcrumb"},"inLanguage":"en-US","potentialAction":[{"@type":"ReadAction","target":["https:\/\/mallorcacaprice.com\/elements-mallorca-2025-sagrats-cors-palma\/"]}]},{"@type":"ImageObject","inLanguage":"en-US","@id":"https:\/\/mallorcacaprice.com\/elements-mallorca-2025-sagrats-cors-palma\/#primaryimage","url":"https:\/\/mallorcacaprice.com\/wp-content\/uploads\/2025\/12\/espectaculo-luz-iglesia-sagrats-cor-palma.webp","contentUrl":"https:\/\/mallorcacaprice.com\/wp-content\/uploads\/2025\/12\/espectaculo-luz-iglesia-sagrats-cor-palma.webp","width":1578,"height":930,"caption":"espectaculo luz iglesia sagrats cor palma"},{"@type":"BreadcrumbList","@id":"https:\/\/mallorcacaprice.com\/elements-mallorca-2025-sagrats-cors-palma\/#breadcrumb","itemListElement":[{"@type":"ListItem","position":1,"name":"Portada","item":"https:\/\/mallorcacaprice.com\/en\/"},{"@type":"ListItem","position":2,"name":"Elements Mallorca 2025: immersive experience and light at the Esgl\u00e9sia dels Sagrats Cors in Palma"}]},{"@type":"WebSite","@id":"https:\/\/mallorcacaprice.com\/#website","url":"https:\/\/mallorcacaprice.com\/","name":"Mallorca Caprice","description":"Mediterranean happiness guide","potentialAction":[{"@type":"SearchAction","target":{"@type":"EntryPoint","urlTemplate":"https:\/\/mallorcacaprice.com\/?s={search_term_string}"},"query-input":{"@type":"PropertyValueSpecification","valueRequired":true,"valueName":"search_term_string"}}],"inLanguage":"en-US"},{"@type":"Person","@id":"https:\/\/mallorcacaprice.com\/#\/schema\/person\/08fd62871ccb7d9177e190ed2780afef","name":"Mallorca Caprice","image":{"@type":"ImageObject","inLanguage":"en-US","@id":"https:\/\/mallorcacaprice.com\/#\/schema\/person\/image\/","url":"https:\/\/secure.gravatar.com\/avatar\/54a4bcd1a68eccdda3505d7ee5d6ebb8e5dd78095a07d388940305fac2e49572?s=96&d=mm&r=g","contentUrl":"https:\/\/secure.gravatar.com\/avatar\/54a4bcd1a68eccdda3505d7ee5d6ebb8e5dd78095a07d388940305fac2e49572?s=96&d=mm&r=g","caption":"Mallorca Caprice"},"url":"https:\/\/mallorcacaprice.com\/en\/author\/elena\/"}]}},"_links":{"self":[{"href":"https:\/\/mallorcacaprice.com\/en\/wp-json\/wp\/v2\/posts\/45598","targetHints":{"allow":["GET"]}}],"collection":[{"href":"https:\/\/mallorcacaprice.com\/en\/wp-json\/wp\/v2\/posts"}],"about":[{"href":"https:\/\/mallorcacaprice.com\/en\/wp-json\/wp\/v2\/types\/post"}],"author":[{"embeddable":true,"href":"https:\/\/mallorcacaprice.com\/en\/wp-json\/wp\/v2\/users\/4"}],"replies":[{"embeddable":true,"href":"https:\/\/mallorcacaprice.com\/en\/wp-json\/wp\/v2\/comments?post=45598"}],"version-history":[{"count":1,"href":"https:\/\/mallorcacaprice.com\/en\/wp-json\/wp\/v2\/posts\/45598\/revisions"}],"predecessor-version":[{"id":45599,"href":"https:\/\/mallorcacaprice.com\/en\/wp-json\/wp\/v2\/posts\/45598\/revisions\/45599"}],"wp:featuredmedia":[{"embeddable":true,"href":"https:\/\/mallorcacaprice.com\/en\/wp-json\/wp\/v2\/media\/45595"}],"wp:attachment":[{"href":"https:\/\/mallorcacaprice.com\/en\/wp-json\/wp\/v2\/media?parent=45598"}],"wp:term":[{"taxonomy":"category","embeddable":true,"href":"https:\/\/mallorcacaprice.com\/en\/wp-json\/wp\/v2\/categories?post=45598"},{"taxonomy":"post_tag","embeddable":true,"href":"https:\/\/mallorcacaprice.com\/en\/wp-json\/wp\/v2\/tags?post=45598"}],"curies":[{"name":"wp","href":"https:\/\/api.w.org\/{rel}","templated":true}]}}