{"id":42694,"date":"2025-01-03T12:33:48","date_gmt":"2025-01-03T11:33:48","guid":{"rendered":"https:\/\/mallorcacaprice.com\/programacion-2025-fundacion-juan-march-palma\/"},"modified":"2025-01-07T17:25:34","modified_gmt":"2025-01-07T16:25:34","slug":"programming-2025-fundacion-juan-march-palma","status":"publish","type":"post","link":"https:\/\/mallorcacaprice.com\/en\/programming-2025-fundacion-juan-march-palma\/","title":{"rendered":"The programming for 2025 begins at the Fundaci\u00f3n Juan March"},"content":{"rendered":"<p>The 2025 program at the Juan March Foundation in Palma kicks off with a promising series of lectures, exhibitions and free activities. Starting on January 9, the Palma headquarters inaugurates the first of its many events for this year, focusing on great figures who combined their literary facet with journalistic work.<\/p>\n<h2>Classics who were journalists: An unmissable inaugural season<\/h2>\n<p>On January 9 at 19:00 h, the Juan March Foundation of Palma premieres the lecture series \u201cClassics who were journalists\u201d, which will explore the relationship of great authors with journalism:<\/p>\n<ol>\n<li><strong><img decoding=\"async\" class=\" wp-image-42687 alignright\" src=\"https:\/\/mallorcacaprice.com\/wp-content\/uploads\/2025\/01\/211645.webp\" alt=\"Clar\u00edn\" width=\"420\" height=\"236\" \/>January 9th<\/strong>\n<ul>\n<li><strong>Lecture<\/strong>: \u201cClar\u00edn, journalist\u201d<\/li>\n<li><strong>Speaker:<\/strong> Santiago D\u00edaz Lage<\/li>\n<li><strong>Content:<\/strong> The lecture will analyze how Leopoldo Alas, \u201cClar\u00edn\u201d, used the press to reflect on the society of his time.<\/li>\n<\/ul>\n<\/li>\n<li><strong>January 14th<\/strong>\n<ul>\n<li><strong>Lecture:<\/strong> \u00abDickens, periodista\u00bb<\/li>\n<li><strong>Speaker:<\/strong> Dolores Pay\u00e1s<\/li>\n<li><strong>Content:<\/strong> The journalistic work of Charles Dickens and how his social commitment was evident in his columns and stories<\/li>\n<\/ul>\n<\/li>\n<li><strong>21 de enero<\/strong>\n<ul>\n<li><strong>Lecture:<\/strong> \u00abE\u00e7a de Queiroz, periodista\u00bb<\/li>\n<li><strong>Speaker:<\/strong> Carlos Reis<\/li>\n<li><strong>Content:<\/strong> The incisive pen of the Portuguese novelist and his impact on the cultural and political panorama of his time.<\/li>\n<\/ul>\n<\/li>\n<\/ol>\n<p><strong>All these conferences are free of charge<\/strong>, with prior reservation at <a href=\"https:\/\/www.march.es\/\" target=\"_new\" rel=\"noopener\">march.es<\/a> from one week before each session. In addition, they will be broadcast live on YouTube and Canal March, allowing the public to enjoy the experience in person or online.<\/p>\n<h2>Ignacio Mart\u00ednez de Pis\u00f3n, Manuel Guti\u00e9rrez Arag\u00f3n y Jos\u00e9 Mar\u00eda Yturralde: Protagonists of the Quarter<\/h2>\n<p>The cultural agenda of the Juan March Foundation of Palma will also include the participation of such renowned figures as:<\/p>\n<ul>\n<li><strong>Ignacio Mart\u00ednez de Pis\u00f3n<\/strong> (writer),<\/li>\n<li><strong>Manuel Guti\u00e9rrez Arag\u00f3n<\/strong> (filmmaker),<\/li>\n<li><strong>Jos\u00e9 Mar\u00eda Yturralde<\/strong> (artist),<br \/>\namong other prominent names in the artistic and literary fields.<\/li>\n<\/ul>\n<h3>Jos\u00e9 Mar\u00eda Yturralde Retrospective Exhibition<\/h3>\n<p>Following in the wake of the exhibition <strong>Jordi Teixidor<\/strong>. <em>El papel de la pintura,<\/em> the Juan March Foundation of Palma is preparing a retrospective that brings together for the first time the work on paper by <strong>Jose Maria Yturralde<\/strong> (Cuenca, 1942). A unique journey through the artist&#8217;s production, complemented by the events and conferences that make up the 2025 program at the Fundaci\u00f3n Juan March.<\/p>\n<h2>How to enjoy the Foundation&#8217;s 2025 program<\/h2>\n<ul>\n<li><strong>Calendar of activities:<\/strong> Available in <a href=\"https:\/\/www.march.es\/palma\" target=\"_new\" rel=\"noopener\">march.es\/palma<\/a> and in the quarterly magazine \u201cLa March\u201d.<\/li>\n<li><strong>Tickets<\/strong>: Free of charge, with prior reservation on the website from one week before each event.<\/li>\n<li><strong>Live broadcasts<\/strong>: YouTube and Canal March for those who cannot attend in person.<\/li>\n<li><strong>Exhibitions<\/strong>: Free visits at no additional cost.<\/li>\n<\/ul>\n<h2>Conclusion<\/h2>\n<p>The 2025 program at the Juan March Foundation in Palma is presented as a unique opportunity to immerse yourself in the world of culture and art, with lecture series focusing on figures such as Clar\u00edn, Dickens or E\u00e7a de Queiroz, and pioneering exhibitions such as Jos\u00e9 Mar\u00eda Yturralde. If you are looking to nourish yourself with literature, art and reflection, don&#8217;t miss this complete program that, from January, will give much to talk about in Palma&#8217;s cultural scene.<\/p>\n","protected":false},"excerpt":{"rendered":"<p>The 2025 program at the Juan March Foundation in Palma <a href=\"https:\/\/mallorcacaprice.com\/en\/programming-2025-fundacion-juan-march-palma\/\"> [&#8230;]<\/a><\/p>\n","protected":false},"author":4,"featured_media":42691,"comment_status":"open","ping_status":"open","sticky":false,"template":"","format":"standard","meta":{"footnotes":""},"categories":[136],"tags":[],"class_list":["post-42694","post","type-post","status-publish","format-standard","has-post-thumbnail","hentry","category-blog-en"],"yoast_head":"<!-- This site is optimized with the Yoast SEO plugin v26.6 - https:\/\/yoast.com\/wordpress\/plugins\/seo\/ -->\n<title>The programming for 2025 begins at the Fundaci\u00f3n Juan March - Mallorca Caprice<\/title>\n<meta name=\"description\" content=\"Discover the 2025 program at the Fundaci\u00f3n Juan March in Palma, which begins on January 9 with the series &#039;Classics that were journalists&#039;.\" \/>\n<meta name=\"robots\" content=\"index, follow, max-snippet:-1, max-image-preview:large, max-video-preview:-1\" \/>\n<link rel=\"canonical\" href=\"https:\/\/mallorcacaprice.com\/en\/programming-2025-fundacion-juan-march-palma\/\" \/>\n<meta property=\"og:locale\" content=\"en_US\" \/>\n<meta property=\"og:type\" content=\"article\" \/>\n<meta property=\"og:title\" content=\"The programming for 2025 begins at the Fundaci\u00f3n Juan March - Mallorca Caprice\" \/>\n<meta property=\"og:description\" content=\"Discover the 2025 program at the Fundaci\u00f3n Juan March in Palma, which begins on January 9 with the series &#039;Classics that were journalists&#039;.\" \/>\n<meta property=\"og:url\" content=\"https:\/\/mallorcacaprice.com\/en\/programming-2025-fundacion-juan-march-palma\/\" \/>\n<meta property=\"og:site_name\" content=\"Mallorca Caprice\" \/>\n<meta property=\"article:published_time\" content=\"2025-01-03T11:33:48+00:00\" \/>\n<meta property=\"article:modified_time\" content=\"2025-01-07T16:25:34+00:00\" \/>\n<meta property=\"og:image\" content=\"https:\/\/mallorcacaprice.com\/wp-content\/uploads\/2025\/01\/212161.webp\" \/>\n\t<meta property=\"og:image:width\" content=\"608\" \/>\n\t<meta property=\"og:image:height\" content=\"342\" \/>\n\t<meta property=\"og:image:type\" content=\"image\/webp\" \/>\n<meta name=\"author\" content=\"Mallorca Caprice\" \/>\n<meta name=\"twitter:card\" content=\"summary_large_image\" \/>\n<meta name=\"twitter:label1\" content=\"Written by\" \/>\n\t<meta name=\"twitter:data1\" content=\"Mallorca Caprice\" \/>\n\t<meta name=\"twitter:label2\" content=\"Est. reading time\" \/>\n\t<meta name=\"twitter:data2\" content=\"3 minutes\" \/>\n<script type=\"application\/ld+json\" class=\"yoast-schema-graph\">{\"@context\":\"https:\/\/schema.org\",\"@graph\":[{\"@type\":\"WebPage\",\"@id\":\"https:\/\/mallorcacaprice.com\/en\/programming-2025-fundacion-juan-march-palma\/\",\"url\":\"https:\/\/mallorcacaprice.com\/en\/programming-2025-fundacion-juan-march-palma\/\",\"name\":\"The programming for 2025 begins at the Fundaci\u00f3n Juan March - Mallorca Caprice\",\"isPartOf\":{\"@id\":\"https:\/\/mallorcacaprice.com\/#website\"},\"primaryImageOfPage\":{\"@id\":\"https:\/\/mallorcacaprice.com\/en\/programming-2025-fundacion-juan-march-palma\/#primaryimage\"},\"image\":{\"@id\":\"https:\/\/mallorcacaprice.com\/en\/programming-2025-fundacion-juan-march-palma\/#primaryimage\"},\"thumbnailUrl\":\"https:\/\/mallorcacaprice.com\/wp-content\/uploads\/2025\/01\/212161.webp\",\"datePublished\":\"2025-01-03T11:33:48+00:00\",\"dateModified\":\"2025-01-07T16:25:34+00:00\",\"author\":{\"@id\":\"https:\/\/mallorcacaprice.com\/#\/schema\/person\/08fd62871ccb7d9177e190ed2780afef\"},\"description\":\"Discover the 2025 program at the Fundaci\u00f3n Juan March in Palma, which begins on January 9 with the series 'Classics that were journalists'.\",\"breadcrumb\":{\"@id\":\"https:\/\/mallorcacaprice.com\/en\/programming-2025-fundacion-juan-march-palma\/#breadcrumb\"},\"inLanguage\":\"en-US\",\"potentialAction\":[{\"@type\":\"ReadAction\",\"target\":[\"https:\/\/mallorcacaprice.com\/en\/programming-2025-fundacion-juan-march-palma\/\"]}]},{\"@type\":\"ImageObject\",\"inLanguage\":\"en-US\",\"@id\":\"https:\/\/mallorcacaprice.com\/en\/programming-2025-fundacion-juan-march-palma\/#primaryimage\",\"url\":\"https:\/\/mallorcacaprice.com\/wp-content\/uploads\/2025\/01\/212161.webp\",\"contentUrl\":\"https:\/\/mallorcacaprice.com\/wp-content\/uploads\/2025\/01\/212161.webp\",\"width\":608,\"height\":342},{\"@type\":\"BreadcrumbList\",\"@id\":\"https:\/\/mallorcacaprice.com\/en\/programming-2025-fundacion-juan-march-palma\/#breadcrumb\",\"itemListElement\":[{\"@type\":\"ListItem\",\"position\":1,\"name\":\"Portada\",\"item\":\"https:\/\/mallorcacaprice.com\/en\/\"},{\"@type\":\"ListItem\",\"position\":2,\"name\":\"The programming for 2025 begins at the Fundaci\u00f3n Juan March\"}]},{\"@type\":\"WebSite\",\"@id\":\"https:\/\/mallorcacaprice.com\/#website\",\"url\":\"https:\/\/mallorcacaprice.com\/\",\"name\":\"Mallorca Caprice\",\"description\":\"Mediterranean happiness guide\",\"potentialAction\":[{\"@type\":\"SearchAction\",\"target\":{\"@type\":\"EntryPoint\",\"urlTemplate\":\"https:\/\/mallorcacaprice.com\/?s={search_term_string}\"},\"query-input\":{\"@type\":\"PropertyValueSpecification\",\"valueRequired\":true,\"valueName\":\"search_term_string\"}}],\"inLanguage\":\"en-US\"},{\"@type\":\"Person\",\"@id\":\"https:\/\/mallorcacaprice.com\/#\/schema\/person\/08fd62871ccb7d9177e190ed2780afef\",\"name\":\"Mallorca Caprice\",\"image\":{\"@type\":\"ImageObject\",\"inLanguage\":\"en-US\",\"@id\":\"https:\/\/mallorcacaprice.com\/#\/schema\/person\/image\/\",\"url\":\"https:\/\/secure.gravatar.com\/avatar\/54a4bcd1a68eccdda3505d7ee5d6ebb8e5dd78095a07d388940305fac2e49572?s=96&d=mm&r=g\",\"contentUrl\":\"https:\/\/secure.gravatar.com\/avatar\/54a4bcd1a68eccdda3505d7ee5d6ebb8e5dd78095a07d388940305fac2e49572?s=96&d=mm&r=g\",\"caption\":\"Mallorca Caprice\"},\"url\":\"https:\/\/mallorcacaprice.com\/en\/author\/elena\/\"}]}<\/script>\n<!-- \/ Yoast SEO plugin. -->","yoast_head_json":{"title":"The programming for 2025 begins at the Fundaci\u00f3n Juan March - Mallorca Caprice","description":"Discover the 2025 program at the Fundaci\u00f3n Juan March in Palma, which begins on January 9 with the series 'Classics that were journalists'.","robots":{"index":"index","follow":"follow","max-snippet":"max-snippet:-1","max-image-preview":"max-image-preview:large","max-video-preview":"max-video-preview:-1"},"canonical":"https:\/\/mallorcacaprice.com\/en\/programming-2025-fundacion-juan-march-palma\/","og_locale":"en_US","og_type":"article","og_title":"The programming for 2025 begins at the Fundaci\u00f3n Juan March - Mallorca Caprice","og_description":"Discover the 2025 program at the Fundaci\u00f3n Juan March in Palma, which begins on January 9 with the series 'Classics that were journalists'.","og_url":"https:\/\/mallorcacaprice.com\/en\/programming-2025-fundacion-juan-march-palma\/","og_site_name":"Mallorca Caprice","article_published_time":"2025-01-03T11:33:48+00:00","article_modified_time":"2025-01-07T16:25:34+00:00","og_image":[{"width":608,"height":342,"url":"https:\/\/mallorcacaprice.com\/wp-content\/uploads\/2025\/01\/212161.webp","type":"image\/webp"}],"author":"Mallorca Caprice","twitter_card":"summary_large_image","twitter_misc":{"Written by":"Mallorca Caprice","Est. reading time":"3 minutes"},"schema":{"@context":"https:\/\/schema.org","@graph":[{"@type":"WebPage","@id":"https:\/\/mallorcacaprice.com\/en\/programming-2025-fundacion-juan-march-palma\/","url":"https:\/\/mallorcacaprice.com\/en\/programming-2025-fundacion-juan-march-palma\/","name":"The programming for 2025 begins at the Fundaci\u00f3n Juan March - Mallorca Caprice","isPartOf":{"@id":"https:\/\/mallorcacaprice.com\/#website"},"primaryImageOfPage":{"@id":"https:\/\/mallorcacaprice.com\/en\/programming-2025-fundacion-juan-march-palma\/#primaryimage"},"image":{"@id":"https:\/\/mallorcacaprice.com\/en\/programming-2025-fundacion-juan-march-palma\/#primaryimage"},"thumbnailUrl":"https:\/\/mallorcacaprice.com\/wp-content\/uploads\/2025\/01\/212161.webp","datePublished":"2025-01-03T11:33:48+00:00","dateModified":"2025-01-07T16:25:34+00:00","author":{"@id":"https:\/\/mallorcacaprice.com\/#\/schema\/person\/08fd62871ccb7d9177e190ed2780afef"},"description":"Discover the 2025 program at the Fundaci\u00f3n Juan March in Palma, which begins on January 9 with the series 'Classics that were journalists'.","breadcrumb":{"@id":"https:\/\/mallorcacaprice.com\/en\/programming-2025-fundacion-juan-march-palma\/#breadcrumb"},"inLanguage":"en-US","potentialAction":[{"@type":"ReadAction","target":["https:\/\/mallorcacaprice.com\/en\/programming-2025-fundacion-juan-march-palma\/"]}]},{"@type":"ImageObject","inLanguage":"en-US","@id":"https:\/\/mallorcacaprice.com\/en\/programming-2025-fundacion-juan-march-palma\/#primaryimage","url":"https:\/\/mallorcacaprice.com\/wp-content\/uploads\/2025\/01\/212161.webp","contentUrl":"https:\/\/mallorcacaprice.com\/wp-content\/uploads\/2025\/01\/212161.webp","width":608,"height":342},{"@type":"BreadcrumbList","@id":"https:\/\/mallorcacaprice.com\/en\/programming-2025-fundacion-juan-march-palma\/#breadcrumb","itemListElement":[{"@type":"ListItem","position":1,"name":"Portada","item":"https:\/\/mallorcacaprice.com\/en\/"},{"@type":"ListItem","position":2,"name":"The programming for 2025 begins at the Fundaci\u00f3n Juan March"}]},{"@type":"WebSite","@id":"https:\/\/mallorcacaprice.com\/#website","url":"https:\/\/mallorcacaprice.com\/","name":"Mallorca Caprice","description":"Mediterranean happiness guide","potentialAction":[{"@type":"SearchAction","target":{"@type":"EntryPoint","urlTemplate":"https:\/\/mallorcacaprice.com\/?s={search_term_string}"},"query-input":{"@type":"PropertyValueSpecification","valueRequired":true,"valueName":"search_term_string"}}],"inLanguage":"en-US"},{"@type":"Person","@id":"https:\/\/mallorcacaprice.com\/#\/schema\/person\/08fd62871ccb7d9177e190ed2780afef","name":"Mallorca Caprice","image":{"@type":"ImageObject","inLanguage":"en-US","@id":"https:\/\/mallorcacaprice.com\/#\/schema\/person\/image\/","url":"https:\/\/secure.gravatar.com\/avatar\/54a4bcd1a68eccdda3505d7ee5d6ebb8e5dd78095a07d388940305fac2e49572?s=96&d=mm&r=g","contentUrl":"https:\/\/secure.gravatar.com\/avatar\/54a4bcd1a68eccdda3505d7ee5d6ebb8e5dd78095a07d388940305fac2e49572?s=96&d=mm&r=g","caption":"Mallorca Caprice"},"url":"https:\/\/mallorcacaprice.com\/en\/author\/elena\/"}]}},"_links":{"self":[{"href":"https:\/\/mallorcacaprice.com\/en\/wp-json\/wp\/v2\/posts\/42694","targetHints":{"allow":["GET"]}}],"collection":[{"href":"https:\/\/mallorcacaprice.com\/en\/wp-json\/wp\/v2\/posts"}],"about":[{"href":"https:\/\/mallorcacaprice.com\/en\/wp-json\/wp\/v2\/types\/post"}],"author":[{"embeddable":true,"href":"https:\/\/mallorcacaprice.com\/en\/wp-json\/wp\/v2\/users\/4"}],"replies":[{"embeddable":true,"href":"https:\/\/mallorcacaprice.com\/en\/wp-json\/wp\/v2\/comments?post=42694"}],"version-history":[{"count":2,"href":"https:\/\/mallorcacaprice.com\/en\/wp-json\/wp\/v2\/posts\/42694\/revisions"}],"predecessor-version":[{"id":42696,"href":"https:\/\/mallorcacaprice.com\/en\/wp-json\/wp\/v2\/posts\/42694\/revisions\/42696"}],"wp:featuredmedia":[{"embeddable":true,"href":"https:\/\/mallorcacaprice.com\/en\/wp-json\/wp\/v2\/media\/42691"}],"wp:attachment":[{"href":"https:\/\/mallorcacaprice.com\/en\/wp-json\/wp\/v2\/media?parent=42694"}],"wp:term":[{"taxonomy":"category","embeddable":true,"href":"https:\/\/mallorcacaprice.com\/en\/wp-json\/wp\/v2\/categories?post=42694"},{"taxonomy":"post_tag","embeddable":true,"href":"https:\/\/mallorcacaprice.com\/en\/wp-json\/wp\/v2\/tags?post=42694"}],"curies":[{"name":"wp","href":"https:\/\/api.w.org\/{rel}","templated":true}]}}