{"id":41515,"date":"2024-06-26T15:48:07","date_gmt":"2024-06-26T13:48:07","guid":{"rendered":"https:\/\/mallorcacaprice.com\/bienal-espanola-de-arquitectura-y-urbanismo-palma\/"},"modified":"2024-06-26T15:49:44","modified_gmt":"2024-06-26T13:49:44","slug":"bienal-espanola-de-arquitectura-y-urbanismo-palma","status":"publish","type":"post","link":"https:\/\/mallorcacaprice.com\/en\/bienal-espanola-de-arquitectura-y-urbanismo-palma\/","title":{"rendered":"The 16th Spanish Biennial of Architecture and Urban Planning comes to Palma"},"content":{"rendered":"<p>The 16th Spanish Architecture and Urbanism Biennial (BEAU) is coming to Palma de Mallorca, offering a unique opportunity to immerse oneself in the best of contemporary Spanish architecture. From 5 July to 6 September, the Official College of Architects of the Balearic Islands (COAIB) will host this travelling exhibition, entitled &#8220;Me-dio Pla-zo&#8221;, which highlights architecture&#8217;s ability to address current and future challenges.<\/p>\n<h2>Exhibition details<\/h2>\n<p>Dates: 5 July to 6 September.<\/p>\n<ul>\n<li>Venue: Official College of Architects of the Balearic Islands (COAIB), Palma.<\/li>\n<li>Opening times:\n<ul>\n<li>Monday to Friday: 9:00 &#8211; 14:00.<\/li>\n<li>Wednesday, Thursday and Friday: 16:00 &#8211; 19:00.<\/li>\n<li>Closed from 10 to 25 August.<\/li>\n<\/ul>\n<\/li>\n<\/ul>\n<p>The exhibition will open on 4 July at 19:00 and will feature the twenty prize-winning projects in the &#8220;Works&#8221; category. Each project is presented through &#8220;time boxes&#8221;, which contain detailed information and objects related to the winning works. This original presentation allows visitors to explore the richness and diversity of contemporary Spanish architecture.<\/p>\n<p>In addition, the exhibition includes a video-installation by Daniel Natoli, promoted by the Junta de Andaluc\u00eda, which highlights the values of the projects following a cartography of five horizons: New Programmes, Common Actions, Local Roots, Constructive Logics and Precise Scales.<\/p>\n<p>&nbsp;<\/p>\n<p><img decoding=\"async\" class=\"size-full wp-image-41511 aligncenter\" src=\"https:\/\/mallorcacaprice.com\/wp-content\/uploads\/2024\/06\/bienal-arquitectura-palma-coaib.webp\" alt=\"bienal arquitectura palma coaib\" width=\"772\" height=\"510\" srcset=\"https:\/\/mallorcacaprice.com\/wp-content\/uploads\/2024\/06\/bienal-arquitectura-palma-coaib-200x132.webp 200w, https:\/\/mallorcacaprice.com\/wp-content\/uploads\/2024\/06\/bienal-arquitectura-palma-coaib-300x198.webp 300w, https:\/\/mallorcacaprice.com\/wp-content\/uploads\/2024\/06\/bienal-arquitectura-palma-coaib-400x264.webp 400w, https:\/\/mallorcacaprice.com\/wp-content\/uploads\/2024\/06\/bienal-arquitectura-palma-coaib-600x396.webp 600w, https:\/\/mallorcacaprice.com\/wp-content\/uploads\/2024\/06\/bienal-arquitectura-palma-coaib-768x507.webp 768w, https:\/\/mallorcacaprice.com\/wp-content\/uploads\/2024\/06\/bienal-arquitectura-palma-coaib.webp 772w\" sizes=\"(max-width: 772px) 100vw, 772px\" \/><\/p>\n<h2>Special day: &#8220;Present and future of public housing&#8221;.<\/h2>\n<p>On 5 September, as part of the closing of the exhibition, the conference &#8220;Present and future of public housing&#8221; will be held. This event will serve as a space for reflection on the possibilities of architecture in the medium term, addressing crucial issues for urban and social development.<\/p>\n<p>The 16th BEAU is curated by Mar\u00eda Gonz\u00e1lez Garc\u00eda, Juan Jos\u00e9 L\u00f3pez de la Cruz and \u00c1ngel Mart\u00ednez Garc\u00eda-Posada. Under the theme &#8220;Me-dio Pla-zo&#8221;, the biennial examines how architecture can balance current social, environmental and productive needs while anticipating future challenges. This dual approach highlights the relevance of sustainable and visionary architectural solutions.<\/p>\n","protected":false},"excerpt":{"rendered":"<p>The 16th Spanish Architecture and Urbanism Biennial (BEAU) is coming <a href=\"https:\/\/mallorcacaprice.com\/en\/bienal-espanola-de-arquitectura-y-urbanismo-palma\/\"> [&#8230;]<\/a><\/p>\n","protected":false},"author":4,"featured_media":41512,"comment_status":"open","ping_status":"open","sticky":false,"template":"","format":"standard","meta":{"footnotes":""},"categories":[136],"tags":[],"class_list":["post-41515","post","type-post","status-publish","format-standard","has-post-thumbnail","hentry","category-blog-en"],"yoast_head":"<!-- This site is optimized with the Yoast SEO plugin v26.6 - https:\/\/yoast.com\/wordpress\/plugins\/seo\/ -->\n<title>The 16th Spanish Biennial of Architecture and Urban Planning comes to Palma - Mallorca Caprice<\/title>\n<meta name=\"description\" content=\"The 16th Spanish Biennial of Architecture and Urbanism (BEAU) comes to Palma de Mallorca to immerse itself in the best of architecture.\" \/>\n<meta name=\"robots\" content=\"index, follow, max-snippet:-1, max-image-preview:large, max-video-preview:-1\" \/>\n<link rel=\"canonical\" href=\"https:\/\/mallorcacaprice.com\/en\/bienal-espanola-de-arquitectura-y-urbanismo-palma\/\" \/>\n<meta property=\"og:locale\" content=\"en_US\" \/>\n<meta property=\"og:type\" content=\"article\" \/>\n<meta property=\"og:title\" content=\"The 16th Spanish Biennial of Architecture and Urban Planning comes to Palma - Mallorca Caprice\" \/>\n<meta property=\"og:description\" content=\"The 16th Spanish Biennial of Architecture and Urbanism (BEAU) comes to Palma de Mallorca to immerse itself in the best of architecture.\" \/>\n<meta property=\"og:url\" content=\"https:\/\/mallorcacaprice.com\/en\/bienal-espanola-de-arquitectura-y-urbanismo-palma\/\" \/>\n<meta property=\"og:site_name\" content=\"Mallorca Caprice\" \/>\n<meta property=\"article:published_time\" content=\"2024-06-26T13:48:07+00:00\" \/>\n<meta property=\"article:modified_time\" content=\"2024-06-26T13:49:44+00:00\" \/>\n<meta property=\"og:image\" content=\"https:\/\/mallorcacaprice.com\/wp-content\/uploads\/2024\/06\/bienal-arquitectura-palma-coaib.webp\" \/>\n\t<meta property=\"og:image:width\" content=\"772\" \/>\n\t<meta property=\"og:image:height\" content=\"510\" \/>\n\t<meta property=\"og:image:type\" content=\"image\/webp\" \/>\n<meta name=\"author\" content=\"Mallorca Caprice\" \/>\n<meta name=\"twitter:card\" content=\"summary_large_image\" \/>\n<meta name=\"twitter:label1\" content=\"Written by\" \/>\n\t<meta name=\"twitter:data1\" content=\"Mallorca Caprice\" \/>\n\t<meta name=\"twitter:label2\" content=\"Est. reading time\" \/>\n\t<meta name=\"twitter:data2\" content=\"2 minutes\" \/>\n<script type=\"application\/ld+json\" class=\"yoast-schema-graph\">{\"@context\":\"https:\/\/schema.org\",\"@graph\":[{\"@type\":\"WebPage\",\"@id\":\"https:\/\/mallorcacaprice.com\/en\/bienal-espanola-de-arquitectura-y-urbanismo-palma\/\",\"url\":\"https:\/\/mallorcacaprice.com\/en\/bienal-espanola-de-arquitectura-y-urbanismo-palma\/\",\"name\":\"The 16th Spanish Biennial of Architecture and Urban Planning comes to Palma - Mallorca Caprice\",\"isPartOf\":{\"@id\":\"https:\/\/mallorcacaprice.com\/#website\"},\"primaryImageOfPage\":{\"@id\":\"https:\/\/mallorcacaprice.com\/en\/bienal-espanola-de-arquitectura-y-urbanismo-palma\/#primaryimage\"},\"image\":{\"@id\":\"https:\/\/mallorcacaprice.com\/en\/bienal-espanola-de-arquitectura-y-urbanismo-palma\/#primaryimage\"},\"thumbnailUrl\":\"https:\/\/mallorcacaprice.com\/wp-content\/uploads\/2024\/06\/bienal-arquitectura-palma-coaib.webp\",\"datePublished\":\"2024-06-26T13:48:07+00:00\",\"dateModified\":\"2024-06-26T13:49:44+00:00\",\"author\":{\"@id\":\"https:\/\/mallorcacaprice.com\/#\/schema\/person\/08fd62871ccb7d9177e190ed2780afef\"},\"description\":\"The 16th Spanish Biennial of Architecture and Urbanism (BEAU) comes to Palma de Mallorca to immerse itself in the best of architecture.\",\"breadcrumb\":{\"@id\":\"https:\/\/mallorcacaprice.com\/en\/bienal-espanola-de-arquitectura-y-urbanismo-palma\/#breadcrumb\"},\"inLanguage\":\"en-US\",\"potentialAction\":[{\"@type\":\"ReadAction\",\"target\":[\"https:\/\/mallorcacaprice.com\/en\/bienal-espanola-de-arquitectura-y-urbanismo-palma\/\"]}]},{\"@type\":\"ImageObject\",\"inLanguage\":\"en-US\",\"@id\":\"https:\/\/mallorcacaprice.com\/en\/bienal-espanola-de-arquitectura-y-urbanismo-palma\/#primaryimage\",\"url\":\"https:\/\/mallorcacaprice.com\/wp-content\/uploads\/2024\/06\/bienal-arquitectura-palma-coaib.webp\",\"contentUrl\":\"https:\/\/mallorcacaprice.com\/wp-content\/uploads\/2024\/06\/bienal-arquitectura-palma-coaib.webp\",\"width\":772,\"height\":510,\"caption\":\"bienal arquitectura palma coaib\"},{\"@type\":\"BreadcrumbList\",\"@id\":\"https:\/\/mallorcacaprice.com\/en\/bienal-espanola-de-arquitectura-y-urbanismo-palma\/#breadcrumb\",\"itemListElement\":[{\"@type\":\"ListItem\",\"position\":1,\"name\":\"Portada\",\"item\":\"https:\/\/mallorcacaprice.com\/en\/\"},{\"@type\":\"ListItem\",\"position\":2,\"name\":\"The 16th Spanish Biennial of Architecture and Urban Planning comes to Palma\"}]},{\"@type\":\"WebSite\",\"@id\":\"https:\/\/mallorcacaprice.com\/#website\",\"url\":\"https:\/\/mallorcacaprice.com\/\",\"name\":\"Mallorca Caprice\",\"description\":\"Mediterranean happiness guide\",\"potentialAction\":[{\"@type\":\"SearchAction\",\"target\":{\"@type\":\"EntryPoint\",\"urlTemplate\":\"https:\/\/mallorcacaprice.com\/?s={search_term_string}\"},\"query-input\":{\"@type\":\"PropertyValueSpecification\",\"valueRequired\":true,\"valueName\":\"search_term_string\"}}],\"inLanguage\":\"en-US\"},{\"@type\":\"Person\",\"@id\":\"https:\/\/mallorcacaprice.com\/#\/schema\/person\/08fd62871ccb7d9177e190ed2780afef\",\"name\":\"Mallorca Caprice\",\"image\":{\"@type\":\"ImageObject\",\"inLanguage\":\"en-US\",\"@id\":\"https:\/\/mallorcacaprice.com\/#\/schema\/person\/image\/\",\"url\":\"https:\/\/secure.gravatar.com\/avatar\/54a4bcd1a68eccdda3505d7ee5d6ebb8e5dd78095a07d388940305fac2e49572?s=96&d=mm&r=g\",\"contentUrl\":\"https:\/\/secure.gravatar.com\/avatar\/54a4bcd1a68eccdda3505d7ee5d6ebb8e5dd78095a07d388940305fac2e49572?s=96&d=mm&r=g\",\"caption\":\"Mallorca Caprice\"},\"url\":\"https:\/\/mallorcacaprice.com\/en\/author\/elena\/\"}]}<\/script>\n<!-- \/ Yoast SEO plugin. -->","yoast_head_json":{"title":"The 16th Spanish Biennial of Architecture and Urban Planning comes to Palma - Mallorca Caprice","description":"The 16th Spanish Biennial of Architecture and Urbanism (BEAU) comes to Palma de Mallorca to immerse itself in the best of architecture.","robots":{"index":"index","follow":"follow","max-snippet":"max-snippet:-1","max-image-preview":"max-image-preview:large","max-video-preview":"max-video-preview:-1"},"canonical":"https:\/\/mallorcacaprice.com\/en\/bienal-espanola-de-arquitectura-y-urbanismo-palma\/","og_locale":"en_US","og_type":"article","og_title":"The 16th Spanish Biennial of Architecture and Urban Planning comes to Palma - Mallorca Caprice","og_description":"The 16th Spanish Biennial of Architecture and Urbanism (BEAU) comes to Palma de Mallorca to immerse itself in the best of architecture.","og_url":"https:\/\/mallorcacaprice.com\/en\/bienal-espanola-de-arquitectura-y-urbanismo-palma\/","og_site_name":"Mallorca Caprice","article_published_time":"2024-06-26T13:48:07+00:00","article_modified_time":"2024-06-26T13:49:44+00:00","og_image":[{"width":772,"height":510,"url":"https:\/\/mallorcacaprice.com\/wp-content\/uploads\/2024\/06\/bienal-arquitectura-palma-coaib.webp","type":"image\/webp"}],"author":"Mallorca Caprice","twitter_card":"summary_large_image","twitter_misc":{"Written by":"Mallorca Caprice","Est. reading time":"2 minutes"},"schema":{"@context":"https:\/\/schema.org","@graph":[{"@type":"WebPage","@id":"https:\/\/mallorcacaprice.com\/en\/bienal-espanola-de-arquitectura-y-urbanismo-palma\/","url":"https:\/\/mallorcacaprice.com\/en\/bienal-espanola-de-arquitectura-y-urbanismo-palma\/","name":"The 16th Spanish Biennial of Architecture and Urban Planning comes to Palma - Mallorca Caprice","isPartOf":{"@id":"https:\/\/mallorcacaprice.com\/#website"},"primaryImageOfPage":{"@id":"https:\/\/mallorcacaprice.com\/en\/bienal-espanola-de-arquitectura-y-urbanismo-palma\/#primaryimage"},"image":{"@id":"https:\/\/mallorcacaprice.com\/en\/bienal-espanola-de-arquitectura-y-urbanismo-palma\/#primaryimage"},"thumbnailUrl":"https:\/\/mallorcacaprice.com\/wp-content\/uploads\/2024\/06\/bienal-arquitectura-palma-coaib.webp","datePublished":"2024-06-26T13:48:07+00:00","dateModified":"2024-06-26T13:49:44+00:00","author":{"@id":"https:\/\/mallorcacaprice.com\/#\/schema\/person\/08fd62871ccb7d9177e190ed2780afef"},"description":"The 16th Spanish Biennial of Architecture and Urbanism (BEAU) comes to Palma de Mallorca to immerse itself in the best of architecture.","breadcrumb":{"@id":"https:\/\/mallorcacaprice.com\/en\/bienal-espanola-de-arquitectura-y-urbanismo-palma\/#breadcrumb"},"inLanguage":"en-US","potentialAction":[{"@type":"ReadAction","target":["https:\/\/mallorcacaprice.com\/en\/bienal-espanola-de-arquitectura-y-urbanismo-palma\/"]}]},{"@type":"ImageObject","inLanguage":"en-US","@id":"https:\/\/mallorcacaprice.com\/en\/bienal-espanola-de-arquitectura-y-urbanismo-palma\/#primaryimage","url":"https:\/\/mallorcacaprice.com\/wp-content\/uploads\/2024\/06\/bienal-arquitectura-palma-coaib.webp","contentUrl":"https:\/\/mallorcacaprice.com\/wp-content\/uploads\/2024\/06\/bienal-arquitectura-palma-coaib.webp","width":772,"height":510,"caption":"bienal arquitectura palma coaib"},{"@type":"BreadcrumbList","@id":"https:\/\/mallorcacaprice.com\/en\/bienal-espanola-de-arquitectura-y-urbanismo-palma\/#breadcrumb","itemListElement":[{"@type":"ListItem","position":1,"name":"Portada","item":"https:\/\/mallorcacaprice.com\/en\/"},{"@type":"ListItem","position":2,"name":"The 16th Spanish Biennial of Architecture and Urban Planning comes to Palma"}]},{"@type":"WebSite","@id":"https:\/\/mallorcacaprice.com\/#website","url":"https:\/\/mallorcacaprice.com\/","name":"Mallorca Caprice","description":"Mediterranean happiness guide","potentialAction":[{"@type":"SearchAction","target":{"@type":"EntryPoint","urlTemplate":"https:\/\/mallorcacaprice.com\/?s={search_term_string}"},"query-input":{"@type":"PropertyValueSpecification","valueRequired":true,"valueName":"search_term_string"}}],"inLanguage":"en-US"},{"@type":"Person","@id":"https:\/\/mallorcacaprice.com\/#\/schema\/person\/08fd62871ccb7d9177e190ed2780afef","name":"Mallorca Caprice","image":{"@type":"ImageObject","inLanguage":"en-US","@id":"https:\/\/mallorcacaprice.com\/#\/schema\/person\/image\/","url":"https:\/\/secure.gravatar.com\/avatar\/54a4bcd1a68eccdda3505d7ee5d6ebb8e5dd78095a07d388940305fac2e49572?s=96&d=mm&r=g","contentUrl":"https:\/\/secure.gravatar.com\/avatar\/54a4bcd1a68eccdda3505d7ee5d6ebb8e5dd78095a07d388940305fac2e49572?s=96&d=mm&r=g","caption":"Mallorca Caprice"},"url":"https:\/\/mallorcacaprice.com\/en\/author\/elena\/"}]}},"_links":{"self":[{"href":"https:\/\/mallorcacaprice.com\/en\/wp-json\/wp\/v2\/posts\/41515","targetHints":{"allow":["GET"]}}],"collection":[{"href":"https:\/\/mallorcacaprice.com\/en\/wp-json\/wp\/v2\/posts"}],"about":[{"href":"https:\/\/mallorcacaprice.com\/en\/wp-json\/wp\/v2\/types\/post"}],"author":[{"embeddable":true,"href":"https:\/\/mallorcacaprice.com\/en\/wp-json\/wp\/v2\/users\/4"}],"replies":[{"embeddable":true,"href":"https:\/\/mallorcacaprice.com\/en\/wp-json\/wp\/v2\/comments?post=41515"}],"version-history":[{"count":2,"href":"https:\/\/mallorcacaprice.com\/en\/wp-json\/wp\/v2\/posts\/41515\/revisions"}],"predecessor-version":[{"id":41517,"href":"https:\/\/mallorcacaprice.com\/en\/wp-json\/wp\/v2\/posts\/41515\/revisions\/41517"}],"wp:featuredmedia":[{"embeddable":true,"href":"https:\/\/mallorcacaprice.com\/en\/wp-json\/wp\/v2\/media\/41512"}],"wp:attachment":[{"href":"https:\/\/mallorcacaprice.com\/en\/wp-json\/wp\/v2\/media?parent=41515"}],"wp:term":[{"taxonomy":"category","embeddable":true,"href":"https:\/\/mallorcacaprice.com\/en\/wp-json\/wp\/v2\/categories?post=41515"},{"taxonomy":"post_tag","embeddable":true,"href":"https:\/\/mallorcacaprice.com\/en\/wp-json\/wp\/v2\/tags?post=41515"}],"curies":[{"name":"wp","href":"https:\/\/api.w.org\/{rel}","templated":true}]}}