{"id":41503,"date":"2024-06-21T13:54:12","date_gmt":"2024-06-21T11:54:12","guid":{"rendered":"https:\/\/mallorcacaprice.com\/marcha-de-guell-a-lluc-a-peu-2024\/"},"modified":"2024-06-21T13:56:44","modified_gmt":"2024-06-21T11:56:44","slug":"marcha-de-guell-a-lluc-a-peu-2024","status":"publish","type":"post","link":"https:\/\/mallorcacaprice.com\/en\/marcha-de-guell-a-lluc-a-peu-2024\/","title":{"rendered":"The Walk from G\u00fcell to Lluc a Peu 2024 celebrates its 50th anniversary"},"content":{"rendered":"<p>The Marcha de G\u00fcell a Lluc a Peu commemorates its 50th anniversary in 2024, consolidating its position as one of the most popular and eagerly awaited events in Mallorca. This iconic route, which takes place on the first Saturday in August, attracts thousands of participants, both locals and tourists, who come together to live a unique and challenging experience.<\/p>\n<p>A tradition that began on 17th July 1974 when a group of friends decided to walk from the now defunct Bar G\u00fcell to the Monastery of Lluc to thank the Virgin for a miracle. The following day, 18 July 1974, the first official march was held with approximately thirty participants. Since then, the march has grown exponentially, attracting more than 50,000 people at its busiest editions.<\/p>\n<h2>Details of the Walk from G\u00fcell to Lluc a Peu 2024<\/h2>\n<ul>\n<li>Date and time: This year&#8217;s march will start at 23:00 on the evening of Saturday 3 August 2024.<\/li>\n<li>Starting point: Plaza G\u00fcell, Palma.<\/li>\n<li>Distance: 48 kilometres.<\/li>\n<li>Duration: Between 8 and 13 hours, depending on the pace of each participant.<\/li>\n<li>Registration fee: \u20ac10 per person.<\/li>\n<\/ul>\n<p>The walk runs along asphalted roads and combines flat stretches with ascents, culminating at the Monastery of Lluc, located in the heart of the Tramuntana mountain range at an altitude of 800 metres. Along the route, there are several refreshment and medical assistance points to ensure that participants can recover their strength and receive help if necessary.<\/p>\n<h2>Registration and participation<\/h2>\n<p>Registrations are now open and can be made through the organisers&#8217; official website. This year, they are expecting around 10,000 people to take part in this historic walk.<\/p>\n<p>In celebration of the 50th anniversary, an event was held at the Fundaci\u00f3 Sa Nostra Can T\u00e0pera, where tribute was paid to the Official College of Physiotherapists for their invaluable support to the walkers, and to Real Mallorca for their contribution to sport and social integration on the island.<\/p>\n<p>The walk organisers are also appealing for volunteers. Those interested can contact grupguellvoluntarios@gmail.com with their name and telephone number.<\/p>\n<p>To improve safety, the last stretch of the walk will be along the Cam\u00ed Vell de Lluc. Furthermore, in collaboration with the Consell de Mallorca&#8217;s Direcci\u00f3 Insular de Turisme, a campaign will be launched in Mallorca&#8217;s hotels to encourage tourists to join the march.<\/p>\n<p>In short, the Marcha de G\u00fcell a Lluc a Peu is not only a test of physical endurance, but also an event that strengthens the community and celebrates Mallorca&#8217;s rich culture. Whether you participate for devotion, personal challenge or simply for the experience, this 50th anniversary promises to be a memorable edition of a tradition that remains alive and vibrant in the hearts of all Mallorcans.<\/p>\n<div id=\"attachment_41499\" style=\"width: 1090px\" class=\"wp-caption aligncenter\"><img decoding=\"async\" aria-describedby=\"caption-attachment-41499\" class=\"size-full wp-image-41499\" src=\"https:\/\/mallorcacaprice.com\/wp-content\/uploads\/2024\/06\/marcha-des-guell-de-lluc-a-peu.webp\" alt=\"marcha des guell de lluc a peu\" width=\"1080\" height=\"814\" srcset=\"https:\/\/mallorcacaprice.com\/wp-content\/uploads\/2024\/06\/marcha-des-guell-de-lluc-a-peu-200x151.webp 200w, https:\/\/mallorcacaprice.com\/wp-content\/uploads\/2024\/06\/marcha-des-guell-de-lluc-a-peu-300x226.webp 300w, https:\/\/mallorcacaprice.com\/wp-content\/uploads\/2024\/06\/marcha-des-guell-de-lluc-a-peu-400x301.webp 400w, https:\/\/mallorcacaprice.com\/wp-content\/uploads\/2024\/06\/marcha-des-guell-de-lluc-a-peu-600x452.webp 600w, https:\/\/mallorcacaprice.com\/wp-content\/uploads\/2024\/06\/marcha-des-guell-de-lluc-a-peu-768x579.webp 768w, https:\/\/mallorcacaprice.com\/wp-content\/uploads\/2024\/06\/marcha-des-guell-de-lluc-a-peu-800x603.webp 800w, https:\/\/mallorcacaprice.com\/wp-content\/uploads\/2024\/06\/marcha-des-guell-de-lluc-a-peu.webp 1080w\" sizes=\"(max-width: 1080px) 100vw, 1080px\" \/><p id=\"caption-attachment-41499\" class=\"wp-caption-text\">Presentaci\u00f3n de la edici\u00f3n 2024 de la Marcha de G\u00fcell a Lluc a Peu. Foto: Facebook Santuari de Lluc.<\/p><\/div>\n","protected":false},"excerpt":{"rendered":"<p>The Marcha de G\u00fcell a Lluc a Peu commemorates its <a href=\"https:\/\/mallorcacaprice.com\/en\/marcha-de-guell-a-lluc-a-peu-2024\/\"> [&#8230;]<\/a><\/p>\n","protected":false},"author":4,"featured_media":41500,"comment_status":"open","ping_status":"open","sticky":false,"template":"","format":"standard","meta":{"footnotes":""},"categories":[136],"tags":[],"class_list":["post-41503","post","type-post","status-publish","format-standard","has-post-thumbnail","hentry","category-blog-en"],"yoast_head":"<!-- This site is optimized with the Yoast SEO plugin v26.6 - https:\/\/yoast.com\/wordpress\/plugins\/seo\/ -->\n<title>The Walk from G\u00fcell to Lluc a Peu 2024 celebrates 50 years - Mallorca Caprice<\/title>\n<meta name=\"description\" content=\"The Walk from G\u00fcell to Lluc a Peu celebrates its 50th anniversary in 2024, consolidating its position as one of the most popular events in Mallorca.\" \/>\n<meta name=\"robots\" content=\"index, follow, max-snippet:-1, max-image-preview:large, max-video-preview:-1\" \/>\n<link rel=\"canonical\" href=\"https:\/\/mallorcacaprice.com\/en\/marcha-de-guell-a-lluc-a-peu-2024\/\" \/>\n<meta property=\"og:locale\" content=\"en_US\" \/>\n<meta property=\"og:type\" content=\"article\" \/>\n<meta property=\"og:title\" content=\"The Walk from G\u00fcell to Lluc a Peu 2024 celebrates 50 years - Mallorca Caprice\" \/>\n<meta property=\"og:description\" content=\"The Walk from G\u00fcell to Lluc a Peu celebrates its 50th anniversary in 2024, consolidating its position as one of the most popular events in Mallorca.\" \/>\n<meta property=\"og:url\" content=\"https:\/\/mallorcacaprice.com\/en\/marcha-de-guell-a-lluc-a-peu-2024\/\" \/>\n<meta property=\"og:site_name\" content=\"Mallorca Caprice\" \/>\n<meta property=\"article:published_time\" content=\"2024-06-21T11:54:12+00:00\" \/>\n<meta property=\"article:modified_time\" content=\"2024-06-21T11:56:44+00:00\" \/>\n<meta property=\"og:image\" content=\"https:\/\/mallorcacaprice.com\/wp-content\/uploads\/2024\/06\/marcha-des-guell-de-lluc-a-peu.webp\" \/>\n\t<meta property=\"og:image:width\" content=\"1080\" \/>\n\t<meta property=\"og:image:height\" content=\"814\" \/>\n\t<meta property=\"og:image:type\" content=\"image\/webp\" \/>\n<meta name=\"author\" content=\"Mallorca Caprice\" \/>\n<meta name=\"twitter:card\" content=\"summary_large_image\" \/>\n<meta name=\"twitter:label1\" content=\"Written by\" \/>\n\t<meta name=\"twitter:data1\" content=\"Mallorca Caprice\" \/>\n\t<meta name=\"twitter:label2\" content=\"Est. reading time\" \/>\n\t<meta name=\"twitter:data2\" content=\"3 minutes\" \/>\n<script type=\"application\/ld+json\" class=\"yoast-schema-graph\">{\"@context\":\"https:\/\/schema.org\",\"@graph\":[{\"@type\":\"WebPage\",\"@id\":\"https:\/\/mallorcacaprice.com\/en\/marcha-de-guell-a-lluc-a-peu-2024\/\",\"url\":\"https:\/\/mallorcacaprice.com\/en\/marcha-de-guell-a-lluc-a-peu-2024\/\",\"name\":\"The Walk from G\u00fcell to Lluc a Peu 2024 celebrates 50 years - Mallorca Caprice\",\"isPartOf\":{\"@id\":\"https:\/\/mallorcacaprice.com\/#website\"},\"primaryImageOfPage\":{\"@id\":\"https:\/\/mallorcacaprice.com\/en\/marcha-de-guell-a-lluc-a-peu-2024\/#primaryimage\"},\"image\":{\"@id\":\"https:\/\/mallorcacaprice.com\/en\/marcha-de-guell-a-lluc-a-peu-2024\/#primaryimage\"},\"thumbnailUrl\":\"https:\/\/mallorcacaprice.com\/wp-content\/uploads\/2024\/06\/marcha-des-guell-de-lluc-a-peu.webp\",\"datePublished\":\"2024-06-21T11:54:12+00:00\",\"dateModified\":\"2024-06-21T11:56:44+00:00\",\"author\":{\"@id\":\"https:\/\/mallorcacaprice.com\/#\/schema\/person\/08fd62871ccb7d9177e190ed2780afef\"},\"description\":\"The Walk from G\u00fcell to Lluc a Peu celebrates its 50th anniversary in 2024, consolidating its position as one of the most popular events in Mallorca.\",\"breadcrumb\":{\"@id\":\"https:\/\/mallorcacaprice.com\/en\/marcha-de-guell-a-lluc-a-peu-2024\/#breadcrumb\"},\"inLanguage\":\"en-US\",\"potentialAction\":[{\"@type\":\"ReadAction\",\"target\":[\"https:\/\/mallorcacaprice.com\/en\/marcha-de-guell-a-lluc-a-peu-2024\/\"]}]},{\"@type\":\"ImageObject\",\"inLanguage\":\"en-US\",\"@id\":\"https:\/\/mallorcacaprice.com\/en\/marcha-de-guell-a-lluc-a-peu-2024\/#primaryimage\",\"url\":\"https:\/\/mallorcacaprice.com\/wp-content\/uploads\/2024\/06\/marcha-des-guell-de-lluc-a-peu.webp\",\"contentUrl\":\"https:\/\/mallorcacaprice.com\/wp-content\/uploads\/2024\/06\/marcha-des-guell-de-lluc-a-peu.webp\",\"width\":1080,\"height\":814,\"caption\":\"Foto: Facebook Santuari de Lluc.\"},{\"@type\":\"BreadcrumbList\",\"@id\":\"https:\/\/mallorcacaprice.com\/en\/marcha-de-guell-a-lluc-a-peu-2024\/#breadcrumb\",\"itemListElement\":[{\"@type\":\"ListItem\",\"position\":1,\"name\":\"Portada\",\"item\":\"https:\/\/mallorcacaprice.com\/en\/\"},{\"@type\":\"ListItem\",\"position\":2,\"name\":\"The Walk from G\u00fcell to Lluc a Peu 2024 celebrates its 50th anniversary\"}]},{\"@type\":\"WebSite\",\"@id\":\"https:\/\/mallorcacaprice.com\/#website\",\"url\":\"https:\/\/mallorcacaprice.com\/\",\"name\":\"Mallorca Caprice\",\"description\":\"Mediterranean happiness guide\",\"potentialAction\":[{\"@type\":\"SearchAction\",\"target\":{\"@type\":\"EntryPoint\",\"urlTemplate\":\"https:\/\/mallorcacaprice.com\/?s={search_term_string}\"},\"query-input\":{\"@type\":\"PropertyValueSpecification\",\"valueRequired\":true,\"valueName\":\"search_term_string\"}}],\"inLanguage\":\"en-US\"},{\"@type\":\"Person\",\"@id\":\"https:\/\/mallorcacaprice.com\/#\/schema\/person\/08fd62871ccb7d9177e190ed2780afef\",\"name\":\"Mallorca Caprice\",\"image\":{\"@type\":\"ImageObject\",\"inLanguage\":\"en-US\",\"@id\":\"https:\/\/mallorcacaprice.com\/#\/schema\/person\/image\/\",\"url\":\"https:\/\/secure.gravatar.com\/avatar\/54a4bcd1a68eccdda3505d7ee5d6ebb8e5dd78095a07d388940305fac2e49572?s=96&d=mm&r=g\",\"contentUrl\":\"https:\/\/secure.gravatar.com\/avatar\/54a4bcd1a68eccdda3505d7ee5d6ebb8e5dd78095a07d388940305fac2e49572?s=96&d=mm&r=g\",\"caption\":\"Mallorca Caprice\"},\"url\":\"https:\/\/mallorcacaprice.com\/en\/author\/elena\/\"}]}<\/script>\n<!-- \/ Yoast SEO plugin. -->","yoast_head_json":{"title":"The Walk from G\u00fcell to Lluc a Peu 2024 celebrates 50 years - Mallorca Caprice","description":"The Walk from G\u00fcell to Lluc a Peu celebrates its 50th anniversary in 2024, consolidating its position as one of the most popular events in Mallorca.","robots":{"index":"index","follow":"follow","max-snippet":"max-snippet:-1","max-image-preview":"max-image-preview:large","max-video-preview":"max-video-preview:-1"},"canonical":"https:\/\/mallorcacaprice.com\/en\/marcha-de-guell-a-lluc-a-peu-2024\/","og_locale":"en_US","og_type":"article","og_title":"The Walk from G\u00fcell to Lluc a Peu 2024 celebrates 50 years - Mallorca Caprice","og_description":"The Walk from G\u00fcell to Lluc a Peu celebrates its 50th anniversary in 2024, consolidating its position as one of the most popular events in Mallorca.","og_url":"https:\/\/mallorcacaprice.com\/en\/marcha-de-guell-a-lluc-a-peu-2024\/","og_site_name":"Mallorca Caprice","article_published_time":"2024-06-21T11:54:12+00:00","article_modified_time":"2024-06-21T11:56:44+00:00","og_image":[{"width":1080,"height":814,"url":"https:\/\/mallorcacaprice.com\/wp-content\/uploads\/2024\/06\/marcha-des-guell-de-lluc-a-peu.webp","type":"image\/webp"}],"author":"Mallorca Caprice","twitter_card":"summary_large_image","twitter_misc":{"Written by":"Mallorca Caprice","Est. reading time":"3 minutes"},"schema":{"@context":"https:\/\/schema.org","@graph":[{"@type":"WebPage","@id":"https:\/\/mallorcacaprice.com\/en\/marcha-de-guell-a-lluc-a-peu-2024\/","url":"https:\/\/mallorcacaprice.com\/en\/marcha-de-guell-a-lluc-a-peu-2024\/","name":"The Walk from G\u00fcell to Lluc a Peu 2024 celebrates 50 years - Mallorca Caprice","isPartOf":{"@id":"https:\/\/mallorcacaprice.com\/#website"},"primaryImageOfPage":{"@id":"https:\/\/mallorcacaprice.com\/en\/marcha-de-guell-a-lluc-a-peu-2024\/#primaryimage"},"image":{"@id":"https:\/\/mallorcacaprice.com\/en\/marcha-de-guell-a-lluc-a-peu-2024\/#primaryimage"},"thumbnailUrl":"https:\/\/mallorcacaprice.com\/wp-content\/uploads\/2024\/06\/marcha-des-guell-de-lluc-a-peu.webp","datePublished":"2024-06-21T11:54:12+00:00","dateModified":"2024-06-21T11:56:44+00:00","author":{"@id":"https:\/\/mallorcacaprice.com\/#\/schema\/person\/08fd62871ccb7d9177e190ed2780afef"},"description":"The Walk from G\u00fcell to Lluc a Peu celebrates its 50th anniversary in 2024, consolidating its position as one of the most popular events in Mallorca.","breadcrumb":{"@id":"https:\/\/mallorcacaprice.com\/en\/marcha-de-guell-a-lluc-a-peu-2024\/#breadcrumb"},"inLanguage":"en-US","potentialAction":[{"@type":"ReadAction","target":["https:\/\/mallorcacaprice.com\/en\/marcha-de-guell-a-lluc-a-peu-2024\/"]}]},{"@type":"ImageObject","inLanguage":"en-US","@id":"https:\/\/mallorcacaprice.com\/en\/marcha-de-guell-a-lluc-a-peu-2024\/#primaryimage","url":"https:\/\/mallorcacaprice.com\/wp-content\/uploads\/2024\/06\/marcha-des-guell-de-lluc-a-peu.webp","contentUrl":"https:\/\/mallorcacaprice.com\/wp-content\/uploads\/2024\/06\/marcha-des-guell-de-lluc-a-peu.webp","width":1080,"height":814,"caption":"Foto: Facebook Santuari de Lluc."},{"@type":"BreadcrumbList","@id":"https:\/\/mallorcacaprice.com\/en\/marcha-de-guell-a-lluc-a-peu-2024\/#breadcrumb","itemListElement":[{"@type":"ListItem","position":1,"name":"Portada","item":"https:\/\/mallorcacaprice.com\/en\/"},{"@type":"ListItem","position":2,"name":"The Walk from G\u00fcell to Lluc a Peu 2024 celebrates its 50th anniversary"}]},{"@type":"WebSite","@id":"https:\/\/mallorcacaprice.com\/#website","url":"https:\/\/mallorcacaprice.com\/","name":"Mallorca Caprice","description":"Mediterranean happiness guide","potentialAction":[{"@type":"SearchAction","target":{"@type":"EntryPoint","urlTemplate":"https:\/\/mallorcacaprice.com\/?s={search_term_string}"},"query-input":{"@type":"PropertyValueSpecification","valueRequired":true,"valueName":"search_term_string"}}],"inLanguage":"en-US"},{"@type":"Person","@id":"https:\/\/mallorcacaprice.com\/#\/schema\/person\/08fd62871ccb7d9177e190ed2780afef","name":"Mallorca Caprice","image":{"@type":"ImageObject","inLanguage":"en-US","@id":"https:\/\/mallorcacaprice.com\/#\/schema\/person\/image\/","url":"https:\/\/secure.gravatar.com\/avatar\/54a4bcd1a68eccdda3505d7ee5d6ebb8e5dd78095a07d388940305fac2e49572?s=96&d=mm&r=g","contentUrl":"https:\/\/secure.gravatar.com\/avatar\/54a4bcd1a68eccdda3505d7ee5d6ebb8e5dd78095a07d388940305fac2e49572?s=96&d=mm&r=g","caption":"Mallorca Caprice"},"url":"https:\/\/mallorcacaprice.com\/en\/author\/elena\/"}]}},"_links":{"self":[{"href":"https:\/\/mallorcacaprice.com\/en\/wp-json\/wp\/v2\/posts\/41503","targetHints":{"allow":["GET"]}}],"collection":[{"href":"https:\/\/mallorcacaprice.com\/en\/wp-json\/wp\/v2\/posts"}],"about":[{"href":"https:\/\/mallorcacaprice.com\/en\/wp-json\/wp\/v2\/types\/post"}],"author":[{"embeddable":true,"href":"https:\/\/mallorcacaprice.com\/en\/wp-json\/wp\/v2\/users\/4"}],"replies":[{"embeddable":true,"href":"https:\/\/mallorcacaprice.com\/en\/wp-json\/wp\/v2\/comments?post=41503"}],"version-history":[{"count":2,"href":"https:\/\/mallorcacaprice.com\/en\/wp-json\/wp\/v2\/posts\/41503\/revisions"}],"predecessor-version":[{"id":41505,"href":"https:\/\/mallorcacaprice.com\/en\/wp-json\/wp\/v2\/posts\/41503\/revisions\/41505"}],"wp:featuredmedia":[{"embeddable":true,"href":"https:\/\/mallorcacaprice.com\/en\/wp-json\/wp\/v2\/media\/41500"}],"wp:attachment":[{"href":"https:\/\/mallorcacaprice.com\/en\/wp-json\/wp\/v2\/media?parent=41503"}],"wp:term":[{"taxonomy":"category","embeddable":true,"href":"https:\/\/mallorcacaprice.com\/en\/wp-json\/wp\/v2\/categories?post=41503"},{"taxonomy":"post_tag","embeddable":true,"href":"https:\/\/mallorcacaprice.com\/en\/wp-json\/wp\/v2\/tags?post=41503"}],"curies":[{"name":"wp","href":"https:\/\/api.w.org\/{rel}","templated":true}]}}