{"id":41286,"date":"2024-04-17T08:00:48","date_gmt":"2024-04-17T06:00:48","guid":{"rendered":"https:\/\/mallorcacaprice.com\/?p=41286"},"modified":"2024-04-16T13:07:07","modified_gmt":"2024-04-16T11:07:07","slug":"bresh-mallorca-2024-calvia","status":"publish","type":"post","link":"https:\/\/mallorcacaprice.com\/en\/bresh-mallorca-2024-calvia\/","title":{"rendered":"Bresh Mallorca 2024: The most beautiful party in the world returns to Calvi\u00e0"},"content":{"rendered":"<p>On <strong>1 August 2024<\/strong>, the old Aquapark in Calvi\u00e0, Mallorca, will be transformed into the setting for one of the most eagerly awaited parties of the summer: La Bresh Mallorca 2024. From 19:00, the Mallorca Live Festival will open its doors to welcome all lovers of music, colour and good atmosphere. In addition, there will be a second date, at the same time and place, on<strong> Thursday 29 August<\/strong>.<\/p>\n<p>After an unforgettable night in Es Jard\u00ed in 2023, &#8220;The World&#8217;s Most Beautiful Party&#8221; will be in the spotlight again this summer. La Bresh, which was born in Argentina in 2016, has become a benchmark of the nightlife scene worldwide, promoting an atmosphere of collective freedom and celebrating diversity through music.<\/p>\n<p>With an impressive show and a selection of the best music genres, from reggaeton to electronica, pop, cumbia and trap, Bresh Mallorca 2024 guarantees that no one will want to stop dancing. Since 2019, this party has spread to several countries, becoming a meeting place for artists and prominent personalities from all over the world.<\/p>\n<p>In Spain, the Bresh has been attended by renowned artists such as Rosal\u00eda, Ester Exp\u00f3sito, Lola \u00cdndigo, Nathy Peluso, C. Tangana and many more. And this year, in Mallorca, the party promises to exceed all expectations with the music of big names such as Rauw Alejandro, Bizarrap, Duki, Tini Stoessel, Nicki Nicole, Sebasti\u00e1n Yatra and Sech, among others.<\/p>\n<h2>Bresh Mallorca 2024 Tickets<\/h2>\n<div id=\"attachment_40238\" style=\"width: 1034px\" class=\"wp-caption aligncenter\"><img decoding=\"async\" aria-describedby=\"caption-attachment-40238\" class=\"size-large wp-image-40238\" src=\"https:\/\/mallorcacaprice.com\/wp-content\/uploads\/\/bresh-mallorca-2023-calvia-1024x683.jpg\" alt=\"Bresh Mallorca 2024 en Calvi\u00e0 en agosto\" width=\"1024\" height=\"683\" srcset=\"https:\/\/mallorcacaprice.com\/wp-content\/uploads\/bresh-mallorca-2023-calvia-200x133.jpg 200w, https:\/\/mallorcacaprice.com\/wp-content\/uploads\/bresh-mallorca-2023-calvia-300x200.jpg 300w, https:\/\/mallorcacaprice.com\/wp-content\/uploads\/bresh-mallorca-2023-calvia-400x267.jpg 400w, https:\/\/mallorcacaprice.com\/wp-content\/uploads\/bresh-mallorca-2023-calvia-600x400.jpg 600w, https:\/\/mallorcacaprice.com\/wp-content\/uploads\/bresh-mallorca-2023-calvia-768x512.jpg 768w, https:\/\/mallorcacaprice.com\/wp-content\/uploads\/bresh-mallorca-2023-calvia-800x534.jpg 800w, https:\/\/mallorcacaprice.com\/wp-content\/uploads\/bresh-mallorca-2023-calvia-1024x683.jpg 1024w, https:\/\/mallorcacaprice.com\/wp-content\/uploads\/bresh-mallorca-2023-calvia-1200x800.jpg 1200w, https:\/\/mallorcacaprice.com\/wp-content\/uploads\/bresh-mallorca-2023-calvia.jpg 1300w\" sizes=\"(max-width: 1024px) 100vw, 1024px\" \/><p id=\"caption-attachment-40238\" class=\"wp-caption-text\">\u00a9 Tom\u00e0s Moy\u00e0 \/ Photographer. www.tomasmoyaphoto.com<\/p><\/div>\n<p>Tickets for both Bresh Mallorca 2024 start at 22 euros, and children under the age of 6 are free, provided they are accompanied by an adult. It is important to note that children under the age of 16 must be accompanied by a parent, legal guardian or responsible person, and will be required to present the corresponding documentation to gain access to the venue.<\/p>\n<p>During the stay on the site, parents or legal guardians will be responsible for any action taken by the minor, and will be required to sign a release form. In addition, minors will be provided with an identification bracelet at the entrance to the venue to ensure their safety during the event.<\/p>\n<p>Get ready to experience an unforgettable night at Bresh Mallorca 2024! An opportunity to enjoy music, colour and joy in the most emblematic place in Calvi\u00e0.<\/p>\n","protected":false},"excerpt":{"rendered":"<p>On 1 August 2024, the old Aquapark in Calvi\u00e0, Mallorca, <a href=\"https:\/\/mallorcacaprice.com\/en\/bresh-mallorca-2024-calvia\/\"> [&#8230;]<\/a><\/p>\n","protected":false},"author":4,"featured_media":40239,"comment_status":"open","ping_status":"open","sticky":false,"template":"","format":"standard","meta":{"footnotes":""},"categories":[136],"tags":[],"class_list":["post-41286","post","type-post","status-publish","format-standard","has-post-thumbnail","hentry","category-blog-en"],"yoast_head":"<!-- This site is optimized with the Yoast SEO plugin v26.6 - https:\/\/yoast.com\/wordpress\/plugins\/seo\/ -->\n<title>Bresh Mallorca 2024 lands in August in Calvi\u00e0 - Mallorca Caprice<\/title>\n<meta name=\"description\" content=\"Bresh Mallorca 2024 lands at the Mallorca Live Festival to welcome all music lovers. The party will take place in August.\" \/>\n<meta name=\"robots\" content=\"index, follow, max-snippet:-1, max-image-preview:large, max-video-preview:-1\" \/>\n<link rel=\"canonical\" href=\"https:\/\/mallorcacaprice.com\/bresh-mallorca-2024-calvia\/\" \/>\n<meta property=\"og:locale\" content=\"en_US\" \/>\n<meta property=\"og:type\" content=\"article\" \/>\n<meta property=\"og:title\" content=\"Bresh Mallorca 2024 lands in August in Calvi\u00e0 - Mallorca Caprice\" \/>\n<meta property=\"og:description\" content=\"Bresh Mallorca 2024 lands at the Mallorca Live Festival to welcome all music lovers. The party will take place in August.\" \/>\n<meta property=\"og:url\" content=\"https:\/\/mallorcacaprice.com\/bresh-mallorca-2024-calvia\/\" \/>\n<meta property=\"og:site_name\" content=\"Mallorca Caprice\" \/>\n<meta property=\"article:published_time\" content=\"2024-04-17T06:00:48+00:00\" \/>\n<meta property=\"og:image\" content=\"https:\/\/mallorcacaprice.com\/wp-content\/uploads\/bresh-mallorca-2023-calvia.jpg\" \/>\n\t<meta property=\"og:image:width\" content=\"1300\" \/>\n\t<meta property=\"og:image:height\" content=\"867\" \/>\n\t<meta property=\"og:image:type\" content=\"image\/jpeg\" \/>\n<meta name=\"author\" content=\"Mallorca Caprice\" \/>\n<meta name=\"twitter:card\" content=\"summary_large_image\" \/>\n<meta name=\"twitter:label1\" content=\"Written by\" \/>\n\t<meta name=\"twitter:data1\" content=\"Mallorca Caprice\" \/>\n\t<meta name=\"twitter:label2\" content=\"Est. reading time\" \/>\n\t<meta name=\"twitter:data2\" content=\"3 minutes\" \/>\n<script type=\"application\/ld+json\" class=\"yoast-schema-graph\">{\"@context\":\"https:\/\/schema.org\",\"@graph\":[{\"@type\":\"WebPage\",\"@id\":\"https:\/\/mallorcacaprice.com\/bresh-mallorca-2024-calvia\/\",\"url\":\"https:\/\/mallorcacaprice.com\/bresh-mallorca-2024-calvia\/\",\"name\":\"Bresh Mallorca 2024 lands in August in Calvi\u00e0 - Mallorca Caprice\",\"isPartOf\":{\"@id\":\"https:\/\/mallorcacaprice.com\/#website\"},\"primaryImageOfPage\":{\"@id\":\"https:\/\/mallorcacaprice.com\/bresh-mallorca-2024-calvia\/#primaryimage\"},\"image\":{\"@id\":\"https:\/\/mallorcacaprice.com\/bresh-mallorca-2024-calvia\/#primaryimage\"},\"thumbnailUrl\":\"https:\/\/mallorcacaprice.com\/wp-content\/uploads\/bresh-mallorca-2023-calvia.jpg\",\"datePublished\":\"2024-04-17T06:00:48+00:00\",\"author\":{\"@id\":\"https:\/\/mallorcacaprice.com\/#\/schema\/person\/08fd62871ccb7d9177e190ed2780afef\"},\"description\":\"Bresh Mallorca 2024 lands at the Mallorca Live Festival to welcome all music lovers. The party will take place in August.\",\"breadcrumb\":{\"@id\":\"https:\/\/mallorcacaprice.com\/bresh-mallorca-2024-calvia\/#breadcrumb\"},\"inLanguage\":\"en-US\",\"potentialAction\":[{\"@type\":\"ReadAction\",\"target\":[\"https:\/\/mallorcacaprice.com\/bresh-mallorca-2024-calvia\/\"]}]},{\"@type\":\"ImageObject\",\"inLanguage\":\"en-US\",\"@id\":\"https:\/\/mallorcacaprice.com\/bresh-mallorca-2024-calvia\/#primaryimage\",\"url\":\"https:\/\/mallorcacaprice.com\/wp-content\/uploads\/bresh-mallorca-2023-calvia.jpg\",\"contentUrl\":\"https:\/\/mallorcacaprice.com\/wp-content\/uploads\/bresh-mallorca-2023-calvia.jpg\",\"width\":1300,\"height\":867,\"caption\":\"16July2023 \u00a9 Tom\u00e0s Moy\u00e0 \/ Photographer www.tomasmoyaphoto.com\"},{\"@type\":\"BreadcrumbList\",\"@id\":\"https:\/\/mallorcacaprice.com\/bresh-mallorca-2024-calvia\/#breadcrumb\",\"itemListElement\":[{\"@type\":\"ListItem\",\"position\":1,\"name\":\"Portada\",\"item\":\"https:\/\/mallorcacaprice.com\/en\/\"},{\"@type\":\"ListItem\",\"position\":2,\"name\":\"Bresh Mallorca 2024: The most beautiful party in the world returns to Calvi\u00e0\"}]},{\"@type\":\"WebSite\",\"@id\":\"https:\/\/mallorcacaprice.com\/#website\",\"url\":\"https:\/\/mallorcacaprice.com\/\",\"name\":\"Mallorca Caprice\",\"description\":\"Mediterranean happiness guide\",\"potentialAction\":[{\"@type\":\"SearchAction\",\"target\":{\"@type\":\"EntryPoint\",\"urlTemplate\":\"https:\/\/mallorcacaprice.com\/?s={search_term_string}\"},\"query-input\":{\"@type\":\"PropertyValueSpecification\",\"valueRequired\":true,\"valueName\":\"search_term_string\"}}],\"inLanguage\":\"en-US\"},{\"@type\":\"Person\",\"@id\":\"https:\/\/mallorcacaprice.com\/#\/schema\/person\/08fd62871ccb7d9177e190ed2780afef\",\"name\":\"Mallorca Caprice\",\"image\":{\"@type\":\"ImageObject\",\"inLanguage\":\"en-US\",\"@id\":\"https:\/\/mallorcacaprice.com\/#\/schema\/person\/image\/\",\"url\":\"https:\/\/secure.gravatar.com\/avatar\/54a4bcd1a68eccdda3505d7ee5d6ebb8e5dd78095a07d388940305fac2e49572?s=96&d=mm&r=g\",\"contentUrl\":\"https:\/\/secure.gravatar.com\/avatar\/54a4bcd1a68eccdda3505d7ee5d6ebb8e5dd78095a07d388940305fac2e49572?s=96&d=mm&r=g\",\"caption\":\"Mallorca Caprice\"},\"url\":\"https:\/\/mallorcacaprice.com\/en\/author\/elena\/\"}]}<\/script>\n<!-- \/ Yoast SEO plugin. -->","yoast_head_json":{"title":"Bresh Mallorca 2024 lands in August in Calvi\u00e0 - Mallorca Caprice","description":"Bresh Mallorca 2024 lands at the Mallorca Live Festival to welcome all music lovers. The party will take place in August.","robots":{"index":"index","follow":"follow","max-snippet":"max-snippet:-1","max-image-preview":"max-image-preview:large","max-video-preview":"max-video-preview:-1"},"canonical":"https:\/\/mallorcacaprice.com\/bresh-mallorca-2024-calvia\/","og_locale":"en_US","og_type":"article","og_title":"Bresh Mallorca 2024 lands in August in Calvi\u00e0 - Mallorca Caprice","og_description":"Bresh Mallorca 2024 lands at the Mallorca Live Festival to welcome all music lovers. The party will take place in August.","og_url":"https:\/\/mallorcacaprice.com\/bresh-mallorca-2024-calvia\/","og_site_name":"Mallorca Caprice","article_published_time":"2024-04-17T06:00:48+00:00","og_image":[{"width":1300,"height":867,"url":"https:\/\/mallorcacaprice.com\/wp-content\/uploads\/bresh-mallorca-2023-calvia.jpg","type":"image\/jpeg"}],"author":"Mallorca Caprice","twitter_card":"summary_large_image","twitter_misc":{"Written by":"Mallorca Caprice","Est. reading time":"3 minutes"},"schema":{"@context":"https:\/\/schema.org","@graph":[{"@type":"WebPage","@id":"https:\/\/mallorcacaprice.com\/bresh-mallorca-2024-calvia\/","url":"https:\/\/mallorcacaprice.com\/bresh-mallorca-2024-calvia\/","name":"Bresh Mallorca 2024 lands in August in Calvi\u00e0 - Mallorca Caprice","isPartOf":{"@id":"https:\/\/mallorcacaprice.com\/#website"},"primaryImageOfPage":{"@id":"https:\/\/mallorcacaprice.com\/bresh-mallorca-2024-calvia\/#primaryimage"},"image":{"@id":"https:\/\/mallorcacaprice.com\/bresh-mallorca-2024-calvia\/#primaryimage"},"thumbnailUrl":"https:\/\/mallorcacaprice.com\/wp-content\/uploads\/bresh-mallorca-2023-calvia.jpg","datePublished":"2024-04-17T06:00:48+00:00","author":{"@id":"https:\/\/mallorcacaprice.com\/#\/schema\/person\/08fd62871ccb7d9177e190ed2780afef"},"description":"Bresh Mallorca 2024 lands at the Mallorca Live Festival to welcome all music lovers. The party will take place in August.","breadcrumb":{"@id":"https:\/\/mallorcacaprice.com\/bresh-mallorca-2024-calvia\/#breadcrumb"},"inLanguage":"en-US","potentialAction":[{"@type":"ReadAction","target":["https:\/\/mallorcacaprice.com\/bresh-mallorca-2024-calvia\/"]}]},{"@type":"ImageObject","inLanguage":"en-US","@id":"https:\/\/mallorcacaprice.com\/bresh-mallorca-2024-calvia\/#primaryimage","url":"https:\/\/mallorcacaprice.com\/wp-content\/uploads\/bresh-mallorca-2023-calvia.jpg","contentUrl":"https:\/\/mallorcacaprice.com\/wp-content\/uploads\/bresh-mallorca-2023-calvia.jpg","width":1300,"height":867,"caption":"16July2023 \u00a9 Tom\u00e0s Moy\u00e0 \/ Photographer www.tomasmoyaphoto.com"},{"@type":"BreadcrumbList","@id":"https:\/\/mallorcacaprice.com\/bresh-mallorca-2024-calvia\/#breadcrumb","itemListElement":[{"@type":"ListItem","position":1,"name":"Portada","item":"https:\/\/mallorcacaprice.com\/en\/"},{"@type":"ListItem","position":2,"name":"Bresh Mallorca 2024: The most beautiful party in the world returns to Calvi\u00e0"}]},{"@type":"WebSite","@id":"https:\/\/mallorcacaprice.com\/#website","url":"https:\/\/mallorcacaprice.com\/","name":"Mallorca Caprice","description":"Mediterranean happiness guide","potentialAction":[{"@type":"SearchAction","target":{"@type":"EntryPoint","urlTemplate":"https:\/\/mallorcacaprice.com\/?s={search_term_string}"},"query-input":{"@type":"PropertyValueSpecification","valueRequired":true,"valueName":"search_term_string"}}],"inLanguage":"en-US"},{"@type":"Person","@id":"https:\/\/mallorcacaprice.com\/#\/schema\/person\/08fd62871ccb7d9177e190ed2780afef","name":"Mallorca Caprice","image":{"@type":"ImageObject","inLanguage":"en-US","@id":"https:\/\/mallorcacaprice.com\/#\/schema\/person\/image\/","url":"https:\/\/secure.gravatar.com\/avatar\/54a4bcd1a68eccdda3505d7ee5d6ebb8e5dd78095a07d388940305fac2e49572?s=96&d=mm&r=g","contentUrl":"https:\/\/secure.gravatar.com\/avatar\/54a4bcd1a68eccdda3505d7ee5d6ebb8e5dd78095a07d388940305fac2e49572?s=96&d=mm&r=g","caption":"Mallorca Caprice"},"url":"https:\/\/mallorcacaprice.com\/en\/author\/elena\/"}]}},"_links":{"self":[{"href":"https:\/\/mallorcacaprice.com\/en\/wp-json\/wp\/v2\/posts\/41286","targetHints":{"allow":["GET"]}}],"collection":[{"href":"https:\/\/mallorcacaprice.com\/en\/wp-json\/wp\/v2\/posts"}],"about":[{"href":"https:\/\/mallorcacaprice.com\/en\/wp-json\/wp\/v2\/types\/post"}],"author":[{"embeddable":true,"href":"https:\/\/mallorcacaprice.com\/en\/wp-json\/wp\/v2\/users\/4"}],"replies":[{"embeddable":true,"href":"https:\/\/mallorcacaprice.com\/en\/wp-json\/wp\/v2\/comments?post=41286"}],"version-history":[{"count":2,"href":"https:\/\/mallorcacaprice.com\/en\/wp-json\/wp\/v2\/posts\/41286\/revisions"}],"predecessor-version":[{"id":41290,"href":"https:\/\/mallorcacaprice.com\/en\/wp-json\/wp\/v2\/posts\/41286\/revisions\/41290"}],"wp:featuredmedia":[{"embeddable":true,"href":"https:\/\/mallorcacaprice.com\/en\/wp-json\/wp\/v2\/media\/40239"}],"wp:attachment":[{"href":"https:\/\/mallorcacaprice.com\/en\/wp-json\/wp\/v2\/media?parent=41286"}],"wp:term":[{"taxonomy":"category","embeddable":true,"href":"https:\/\/mallorcacaprice.com\/en\/wp-json\/wp\/v2\/categories?post=41286"},{"taxonomy":"post_tag","embeddable":true,"href":"https:\/\/mallorcacaprice.com\/en\/wp-json\/wp\/v2\/tags?post=41286"}],"curies":[{"name":"wp","href":"https:\/\/api.w.org\/{rel}","templated":true}]}}