{"id":41047,"date":"2024-02-19T11:45:22","date_gmt":"2024-02-19T10:45:22","guid":{"rendered":"https:\/\/mallorcacaprice.com\/carreras-infantiles-del-consell-de-mallorca-2024\/"},"modified":"2024-02-19T11:51:57","modified_gmt":"2024-02-19T10:51:57","slug":"carreras-infantiles-del-consell-de-mallorca-2024","status":"publish","type":"post","link":"https:\/\/mallorcacaprice.com\/en\/carreras-infantiles-del-consell-de-mallorca-2024\/","title":{"rendered":"The Children&#8217;s Races of the Consell de Mallorca extend to Esporles, Estellencs and Pollen\u00e7a"},"content":{"rendered":"<p>The Consell de Mallorca&#8217;s 11th Serra de Tramuntana Children&#8217;s Running Circuit has kicked off in Raixa, marking the start of an exciting sports season for families. This event, which combines circuits adapted for children, youths and adults, has attracted around 250 participants within the institution&#8217;s public estate.<\/p>\n<p>This year, the Consell de Mallorca Children&#8217;s Races will reach ten municipalities, including three new additions: Esporles, Estellencs and Pollen\u00e7a, with Cala San Vicen\u00e7 as the final destination. The complete calendar of the circuit includes dates in different towns such as Bunyola, Calvi\u00e0, Banyalbufar, Campanet, Esporles, Pollen\u00e7a, Puerto de S\u00f3ller, Valldemossa and Escorca.<\/p>\n<p>The president, Lloren\u00e7 Galm\u00e9s, stressed the importance of sport as a tool for instilling values, and highlighted the goal of bringing sports and appreciation for the Serra de Tramuntana&#8217;s heritage closer together through these family races.<\/p>\n<p>For his part, Councillor Pedro Bestard underscored the sustainable nature of the programme and the privilege of being able to enjoy sport in Mallorca&#8217;s natural surroundings, from a family rather than a competitive perspective.<\/p>\n<p>The Consell de Mallorca&#8217;s Children&#8217;s Races programme, organised by Sports and the Serra de Tramuntana Consortium, has experienced significant growth in recent years. It has registered an estimated participation of 28,000 runners over the last decade. And it is expected that around 2,500 people will take part in the 2024 edition, thus consolidating its position as one of the Consell&#8217;s most popular sports programmes.<\/p>\n<p>As a novelty this year, three winners of a photo contest held on Instagram will be offered Sports Stays to mark the tenth anniversary of the circuit. In addition, the races will be complemented by guided group tours in the participating villages, promoted by the Serra de Tramuntana Consortium, highlighting architectural features and local curiosities.<\/p>\n<p><img decoding=\"async\" class=\"size-full wp-image-41043 aligncenter\" src=\"https:\/\/mallorcacaprice.com\/wp-content\/uploads\/carreras-infantiles-del-Consell-de-Mallorca.jpg\" alt=\"carreras infantiles del Consell de Mallorca\" width=\"1200\" height=\"851\" srcset=\"https:\/\/mallorcacaprice.com\/wp-content\/uploads\/carreras-infantiles-del-Consell-de-Mallorca-200x142.jpg 200w, https:\/\/mallorcacaprice.com\/wp-content\/uploads\/carreras-infantiles-del-Consell-de-Mallorca-300x214.jpg 300w, https:\/\/mallorcacaprice.com\/wp-content\/uploads\/carreras-infantiles-del-Consell-de-Mallorca-400x284.jpg 400w, https:\/\/mallorcacaprice.com\/wp-content\/uploads\/carreras-infantiles-del-Consell-de-Mallorca-600x426.jpg 600w, https:\/\/mallorcacaprice.com\/wp-content\/uploads\/carreras-infantiles-del-Consell-de-Mallorca-768x545.jpg 768w, https:\/\/mallorcacaprice.com\/wp-content\/uploads\/carreras-infantiles-del-Consell-de-Mallorca-800x567.jpg 800w, https:\/\/mallorcacaprice.com\/wp-content\/uploads\/carreras-infantiles-del-Consell-de-Mallorca-1024x726.jpg 1024w, https:\/\/mallorcacaprice.com\/wp-content\/uploads\/carreras-infantiles-del-Consell-de-Mallorca.jpg 1200w\" sizes=\"(max-width: 1200px) 100vw, 1200px\" \/><\/p>\n","protected":false},"excerpt":{"rendered":"<p>The Consell de Mallorca&#8217;s 11th Serra de Tramuntana Children&#8217;s Running <a href=\"https:\/\/mallorcacaprice.com\/en\/carreras-infantiles-del-consell-de-mallorca-2024\/\"> [&#8230;]<\/a><\/p>\n","protected":false},"author":6,"featured_media":41044,"comment_status":"open","ping_status":"open","sticky":false,"template":"","format":"standard","meta":{"footnotes":""},"categories":[136],"tags":[],"class_list":["post-41047","post","type-post","status-publish","format-standard","has-post-thumbnail","hentry","category-blog-en"],"yoast_head":"<!-- This site is optimized with the Yoast SEO plugin v26.6 - https:\/\/yoast.com\/wordpress\/plugins\/seo\/ -->\n<title>Children&#039;s Races of the Consell de Mallorca 2024: municipalities - Mallorca Caprice<\/title>\n<meta name=\"description\" content=\"The Consell de Mallorca&#039;s Children&#039;s Races programme will reach 10 municipalities, with 3 new additions: Esporles, Estellencs and Pollen\u00e7a.\" \/>\n<meta name=\"robots\" content=\"index, follow, max-snippet:-1, max-image-preview:large, max-video-preview:-1\" \/>\n<link rel=\"canonical\" href=\"https:\/\/mallorcacaprice.com\/en\/carreras-infantiles-del-consell-de-mallorca-2024\/\" \/>\n<meta property=\"og:locale\" content=\"en_US\" \/>\n<meta property=\"og:type\" content=\"article\" \/>\n<meta property=\"og:title\" content=\"Children&#039;s Races of the Consell de Mallorca 2024: municipalities - Mallorca Caprice\" \/>\n<meta property=\"og:description\" content=\"The Consell de Mallorca&#039;s Children&#039;s Races programme will reach 10 municipalities, with 3 new additions: Esporles, Estellencs and Pollen\u00e7a.\" \/>\n<meta property=\"og:url\" content=\"https:\/\/mallorcacaprice.com\/en\/carreras-infantiles-del-consell-de-mallorca-2024\/\" \/>\n<meta property=\"og:site_name\" content=\"Mallorca Caprice\" \/>\n<meta property=\"article:published_time\" content=\"2024-02-19T10:45:22+00:00\" \/>\n<meta property=\"article:modified_time\" content=\"2024-02-19T10:51:57+00:00\" \/>\n<meta property=\"og:image\" content=\"https:\/\/mallorcacaprice.com\/wp-content\/uploads\/carreras-infantiles-del-Consell-de-Mallorca.jpg\" \/>\n\t<meta property=\"og:image:width\" content=\"1200\" \/>\n\t<meta property=\"og:image:height\" content=\"851\" \/>\n\t<meta property=\"og:image:type\" content=\"image\/jpeg\" \/>\n<meta name=\"author\" content=\"Ra\u00fal Beltr\u00e1n\" \/>\n<meta name=\"twitter:card\" content=\"summary_large_image\" \/>\n<meta name=\"twitter:label1\" content=\"Written by\" \/>\n\t<meta name=\"twitter:data1\" content=\"Ra\u00fal Beltr\u00e1n\" \/>\n\t<meta name=\"twitter:label2\" content=\"Est. reading time\" \/>\n\t<meta name=\"twitter:data2\" content=\"2 minutes\" \/>\n<script type=\"application\/ld+json\" class=\"yoast-schema-graph\">{\"@context\":\"https:\/\/schema.org\",\"@graph\":[{\"@type\":\"WebPage\",\"@id\":\"https:\/\/mallorcacaprice.com\/en\/carreras-infantiles-del-consell-de-mallorca-2024\/\",\"url\":\"https:\/\/mallorcacaprice.com\/en\/carreras-infantiles-del-consell-de-mallorca-2024\/\",\"name\":\"Children's Races of the Consell de Mallorca 2024: municipalities - Mallorca Caprice\",\"isPartOf\":{\"@id\":\"https:\/\/mallorcacaprice.com\/#website\"},\"primaryImageOfPage\":{\"@id\":\"https:\/\/mallorcacaprice.com\/en\/carreras-infantiles-del-consell-de-mallorca-2024\/#primaryimage\"},\"image\":{\"@id\":\"https:\/\/mallorcacaprice.com\/en\/carreras-infantiles-del-consell-de-mallorca-2024\/#primaryimage\"},\"thumbnailUrl\":\"https:\/\/mallorcacaprice.com\/wp-content\/uploads\/carreras-infantiles-del-Consell-de-Mallorca.jpg\",\"datePublished\":\"2024-02-19T10:45:22+00:00\",\"dateModified\":\"2024-02-19T10:51:57+00:00\",\"author\":{\"@id\":\"https:\/\/mallorcacaprice.com\/#\/schema\/person\/9641a8d0e225ce16dcd906b379842552\"},\"description\":\"The Consell de Mallorca's Children's Races programme will reach 10 municipalities, with 3 new additions: Esporles, Estellencs and Pollen\u00e7a.\",\"breadcrumb\":{\"@id\":\"https:\/\/mallorcacaprice.com\/en\/carreras-infantiles-del-consell-de-mallorca-2024\/#breadcrumb\"},\"inLanguage\":\"en-US\",\"potentialAction\":[{\"@type\":\"ReadAction\",\"target\":[\"https:\/\/mallorcacaprice.com\/en\/carreras-infantiles-del-consell-de-mallorca-2024\/\"]}]},{\"@type\":\"ImageObject\",\"inLanguage\":\"en-US\",\"@id\":\"https:\/\/mallorcacaprice.com\/en\/carreras-infantiles-del-consell-de-mallorca-2024\/#primaryimage\",\"url\":\"https:\/\/mallorcacaprice.com\/wp-content\/uploads\/carreras-infantiles-del-Consell-de-Mallorca.jpg\",\"contentUrl\":\"https:\/\/mallorcacaprice.com\/wp-content\/uploads\/carreras-infantiles-del-Consell-de-Mallorca.jpg\",\"width\":1200,\"height\":851,\"caption\":\"carreras infantiles del Consell de Mallorca\"},{\"@type\":\"BreadcrumbList\",\"@id\":\"https:\/\/mallorcacaprice.com\/en\/carreras-infantiles-del-consell-de-mallorca-2024\/#breadcrumb\",\"itemListElement\":[{\"@type\":\"ListItem\",\"position\":1,\"name\":\"Portada\",\"item\":\"https:\/\/mallorcacaprice.com\/en\/\"},{\"@type\":\"ListItem\",\"position\":2,\"name\":\"The Children&#8217;s Races of the Consell de Mallorca extend to Esporles, Estellencs and Pollen\u00e7a\"}]},{\"@type\":\"WebSite\",\"@id\":\"https:\/\/mallorcacaprice.com\/#website\",\"url\":\"https:\/\/mallorcacaprice.com\/\",\"name\":\"Mallorca Caprice\",\"description\":\"Mediterranean happiness guide\",\"potentialAction\":[{\"@type\":\"SearchAction\",\"target\":{\"@type\":\"EntryPoint\",\"urlTemplate\":\"https:\/\/mallorcacaprice.com\/?s={search_term_string}\"},\"query-input\":{\"@type\":\"PropertyValueSpecification\",\"valueRequired\":true,\"valueName\":\"search_term_string\"}}],\"inLanguage\":\"en-US\"},{\"@type\":\"Person\",\"@id\":\"https:\/\/mallorcacaprice.com\/#\/schema\/person\/9641a8d0e225ce16dcd906b379842552\",\"name\":\"Ra\u00fal Beltr\u00e1n\",\"image\":{\"@type\":\"ImageObject\",\"inLanguage\":\"en-US\",\"@id\":\"https:\/\/mallorcacaprice.com\/#\/schema\/person\/image\/\",\"url\":\"https:\/\/secure.gravatar.com\/avatar\/da2a4820a3fec7c3a48baebf7b76adba9a0ca889df675d803c6826d7308d94b8?s=96&d=mm&r=g\",\"contentUrl\":\"https:\/\/secure.gravatar.com\/avatar\/da2a4820a3fec7c3a48baebf7b76adba9a0ca889df675d803c6826d7308d94b8?s=96&d=mm&r=g\",\"caption\":\"Ra\u00fal Beltr\u00e1n\"},\"url\":\"https:\/\/mallorcacaprice.com\/en\/author\/raulbeltran\/\"}]}<\/script>\n<!-- \/ Yoast SEO plugin. -->","yoast_head_json":{"title":"Children's Races of the Consell de Mallorca 2024: municipalities - Mallorca Caprice","description":"The Consell de Mallorca's Children's Races programme will reach 10 municipalities, with 3 new additions: Esporles, Estellencs and Pollen\u00e7a.","robots":{"index":"index","follow":"follow","max-snippet":"max-snippet:-1","max-image-preview":"max-image-preview:large","max-video-preview":"max-video-preview:-1"},"canonical":"https:\/\/mallorcacaprice.com\/en\/carreras-infantiles-del-consell-de-mallorca-2024\/","og_locale":"en_US","og_type":"article","og_title":"Children's Races of the Consell de Mallorca 2024: municipalities - Mallorca Caprice","og_description":"The Consell de Mallorca's Children's Races programme will reach 10 municipalities, with 3 new additions: Esporles, Estellencs and Pollen\u00e7a.","og_url":"https:\/\/mallorcacaprice.com\/en\/carreras-infantiles-del-consell-de-mallorca-2024\/","og_site_name":"Mallorca Caprice","article_published_time":"2024-02-19T10:45:22+00:00","article_modified_time":"2024-02-19T10:51:57+00:00","og_image":[{"width":1200,"height":851,"url":"https:\/\/mallorcacaprice.com\/wp-content\/uploads\/carreras-infantiles-del-Consell-de-Mallorca.jpg","type":"image\/jpeg"}],"author":"Ra\u00fal Beltr\u00e1n","twitter_card":"summary_large_image","twitter_misc":{"Written by":"Ra\u00fal Beltr\u00e1n","Est. reading time":"2 minutes"},"schema":{"@context":"https:\/\/schema.org","@graph":[{"@type":"WebPage","@id":"https:\/\/mallorcacaprice.com\/en\/carreras-infantiles-del-consell-de-mallorca-2024\/","url":"https:\/\/mallorcacaprice.com\/en\/carreras-infantiles-del-consell-de-mallorca-2024\/","name":"Children's Races of the Consell de Mallorca 2024: municipalities - Mallorca Caprice","isPartOf":{"@id":"https:\/\/mallorcacaprice.com\/#website"},"primaryImageOfPage":{"@id":"https:\/\/mallorcacaprice.com\/en\/carreras-infantiles-del-consell-de-mallorca-2024\/#primaryimage"},"image":{"@id":"https:\/\/mallorcacaprice.com\/en\/carreras-infantiles-del-consell-de-mallorca-2024\/#primaryimage"},"thumbnailUrl":"https:\/\/mallorcacaprice.com\/wp-content\/uploads\/carreras-infantiles-del-Consell-de-Mallorca.jpg","datePublished":"2024-02-19T10:45:22+00:00","dateModified":"2024-02-19T10:51:57+00:00","author":{"@id":"https:\/\/mallorcacaprice.com\/#\/schema\/person\/9641a8d0e225ce16dcd906b379842552"},"description":"The Consell de Mallorca's Children's Races programme will reach 10 municipalities, with 3 new additions: Esporles, Estellencs and Pollen\u00e7a.","breadcrumb":{"@id":"https:\/\/mallorcacaprice.com\/en\/carreras-infantiles-del-consell-de-mallorca-2024\/#breadcrumb"},"inLanguage":"en-US","potentialAction":[{"@type":"ReadAction","target":["https:\/\/mallorcacaprice.com\/en\/carreras-infantiles-del-consell-de-mallorca-2024\/"]}]},{"@type":"ImageObject","inLanguage":"en-US","@id":"https:\/\/mallorcacaprice.com\/en\/carreras-infantiles-del-consell-de-mallorca-2024\/#primaryimage","url":"https:\/\/mallorcacaprice.com\/wp-content\/uploads\/carreras-infantiles-del-Consell-de-Mallorca.jpg","contentUrl":"https:\/\/mallorcacaprice.com\/wp-content\/uploads\/carreras-infantiles-del-Consell-de-Mallorca.jpg","width":1200,"height":851,"caption":"carreras infantiles del Consell de Mallorca"},{"@type":"BreadcrumbList","@id":"https:\/\/mallorcacaprice.com\/en\/carreras-infantiles-del-consell-de-mallorca-2024\/#breadcrumb","itemListElement":[{"@type":"ListItem","position":1,"name":"Portada","item":"https:\/\/mallorcacaprice.com\/en\/"},{"@type":"ListItem","position":2,"name":"The Children&#8217;s Races of the Consell de Mallorca extend to Esporles, Estellencs and Pollen\u00e7a"}]},{"@type":"WebSite","@id":"https:\/\/mallorcacaprice.com\/#website","url":"https:\/\/mallorcacaprice.com\/","name":"Mallorca Caprice","description":"Mediterranean happiness guide","potentialAction":[{"@type":"SearchAction","target":{"@type":"EntryPoint","urlTemplate":"https:\/\/mallorcacaprice.com\/?s={search_term_string}"},"query-input":{"@type":"PropertyValueSpecification","valueRequired":true,"valueName":"search_term_string"}}],"inLanguage":"en-US"},{"@type":"Person","@id":"https:\/\/mallorcacaprice.com\/#\/schema\/person\/9641a8d0e225ce16dcd906b379842552","name":"Ra\u00fal Beltr\u00e1n","image":{"@type":"ImageObject","inLanguage":"en-US","@id":"https:\/\/mallorcacaprice.com\/#\/schema\/person\/image\/","url":"https:\/\/secure.gravatar.com\/avatar\/da2a4820a3fec7c3a48baebf7b76adba9a0ca889df675d803c6826d7308d94b8?s=96&d=mm&r=g","contentUrl":"https:\/\/secure.gravatar.com\/avatar\/da2a4820a3fec7c3a48baebf7b76adba9a0ca889df675d803c6826d7308d94b8?s=96&d=mm&r=g","caption":"Ra\u00fal Beltr\u00e1n"},"url":"https:\/\/mallorcacaprice.com\/en\/author\/raulbeltran\/"}]}},"_links":{"self":[{"href":"https:\/\/mallorcacaprice.com\/en\/wp-json\/wp\/v2\/posts\/41047","targetHints":{"allow":["GET"]}}],"collection":[{"href":"https:\/\/mallorcacaprice.com\/en\/wp-json\/wp\/v2\/posts"}],"about":[{"href":"https:\/\/mallorcacaprice.com\/en\/wp-json\/wp\/v2\/types\/post"}],"author":[{"embeddable":true,"href":"https:\/\/mallorcacaprice.com\/en\/wp-json\/wp\/v2\/users\/6"}],"replies":[{"embeddable":true,"href":"https:\/\/mallorcacaprice.com\/en\/wp-json\/wp\/v2\/comments?post=41047"}],"version-history":[{"count":2,"href":"https:\/\/mallorcacaprice.com\/en\/wp-json\/wp\/v2\/posts\/41047\/revisions"}],"predecessor-version":[{"id":41049,"href":"https:\/\/mallorcacaprice.com\/en\/wp-json\/wp\/v2\/posts\/41047\/revisions\/41049"}],"wp:featuredmedia":[{"embeddable":true,"href":"https:\/\/mallorcacaprice.com\/en\/wp-json\/wp\/v2\/media\/41044"}],"wp:attachment":[{"href":"https:\/\/mallorcacaprice.com\/en\/wp-json\/wp\/v2\/media?parent=41047"}],"wp:term":[{"taxonomy":"category","embeddable":true,"href":"https:\/\/mallorcacaprice.com\/en\/wp-json\/wp\/v2\/categories?post=41047"},{"taxonomy":"post_tag","embeddable":true,"href":"https:\/\/mallorcacaprice.com\/en\/wp-json\/wp\/v2\/tags?post=41047"}],"curies":[{"name":"wp","href":"https:\/\/api.w.org\/{rel}","templated":true}]}}