{"id":40937,"date":"2024-01-10T14:00:38","date_gmt":"2024-01-10T13:00:38","guid":{"rendered":"https:\/\/mallorcacaprice.com\/musical-tiempo-entre-costuras-palma-mallorca\/"},"modified":"2024-01-10T14:02:35","modified_gmt":"2024-01-10T13:02:35","slug":"musical-tiempo-entre-costuras-palma-mallorca","status":"publish","type":"post","link":"https:\/\/mallorcacaprice.com\/en\/musical-tiempo-entre-costuras-palma-mallorca\/","title":{"rendered":"The musical El tiempo entre costuras lands in Palma this January"},"content":{"rendered":"<p>This January, the musical El tiempo entre costuras in Palma promises a unique experience that fuses music, drama and scenic beauty. A musical based on the successful novel of the same name by Mar\u00eda Due\u00f1as. This large-format show will be staged in Palma Auditorium from the 18th to 21st of January, promising to transport spectators on an emotional journey through the scenarios created by the pen of the renowned author.<\/p>\n<p>This musical super-production, under the artistic direction of Federico Barrios Fierro and costume design by Lorenzo Caprile for the leading lady Sira Quiroga, has garnered numerous accolades and accolades. With a masterfully composed score by Iv\u00e1n Mac\u00edas and texts by F\u00e9lix Amador, the musical El tiempo entre costuras, which can be seen in Palma, has won 10 Broadway World Spain Awards and the prestigious Tal\u00eda Prize awarded by the Academia de las Artes Esc\u00e9nicas (Academy of Performing Arts).<\/p>\n<p>Dario Regattieri, head of beon. Entertainment, celebrates the arrival of El tiempo entre costuras in Mallorca, highlighting the importance of harnessing home-grown talent to create quality and exciting productions. El tiempo entre costuras has successfully toured several Spanish cities, generating admiration among audiences and critics alike.<\/p>\n<p>The commitment of beon. Entertainment&#8217;s commitment to original productions is materialised in this musical, where the music by Iv\u00e1n Mac\u00edas and the adaptation of the libretto by F\u00e9lix Amador manage to capture the essence of Mar\u00eda Due\u00f1as&#8217; novel. The author herself has played an important role as an advisor throughout the creative process, expressing her pride at seeing her work transformed into a musical experience.<\/p>\n<h2>The team of the musical El tiempo entre costuras<\/h2>\n<p>The creative team includes names such as Federico Barrios Fierro in the artistic direction, Ricardo S. Cuerda in the set design, Lorenzo Caprile in the costume design, Marietta Calder\u00f3n in the rest of the costumes, Felipe Ramos in the lighting, and Javier Isequilla in the sound. A group of professionals with a rich background in musical theatre who ensure an unforgettable visual and auditory experience.<\/p>\n<p>The cast of 21 actors, carefully selected through auditions, includes Alba Cuartero in the leading role of Sira Quiroga. With previous work in outstanding productions such as &#8220;The Neverending Story, the Musical&#8221; and &#8220;The Doctor, the Musical&#8221;, Cuartero promises to take viewers through the emotions of her character in an exceptional way.<\/p>\n<p>El tiempo entre costuras is more than a musical; it is a journey through time and space, a chance to immerse yourself in a captivating and vibrant plot. Don&#8217;t miss the chance to see this unique show that has conquered hearts all over Spain. From the 18th to 21st of January, Palma de Mallorca will be witness to the magic of El tiempo entre costuras. Get ready to live an experience that will remain engraved in your memory!<\/p>\n<p><img decoding=\"async\" class=\"size-large wp-image-40933 aligncenter\" src=\"https:\/\/mallorcacaprice.com\/wp-content\/uploads\/\/musical-el-tiempo-entre-costuras-palma-1024x662.jpg\" alt=\"musical el tiempo entre costuras palma\" width=\"1024\" height=\"662\" srcset=\"https:\/\/mallorcacaprice.com\/wp-content\/uploads\/musical-el-tiempo-entre-costuras-palma-200x129.jpg 200w, https:\/\/mallorcacaprice.com\/wp-content\/uploads\/musical-el-tiempo-entre-costuras-palma-300x194.jpg 300w, https:\/\/mallorcacaprice.com\/wp-content\/uploads\/musical-el-tiempo-entre-costuras-palma-400x259.jpg 400w, https:\/\/mallorcacaprice.com\/wp-content\/uploads\/musical-el-tiempo-entre-costuras-palma-600x388.jpg 600w, https:\/\/mallorcacaprice.com\/wp-content\/uploads\/musical-el-tiempo-entre-costuras-palma-768x497.jpg 768w, https:\/\/mallorcacaprice.com\/wp-content\/uploads\/musical-el-tiempo-entre-costuras-palma-800x517.jpg 800w, https:\/\/mallorcacaprice.com\/wp-content\/uploads\/musical-el-tiempo-entre-costuras-palma-1024x662.jpg 1024w, https:\/\/mallorcacaprice.com\/wp-content\/uploads\/musical-el-tiempo-entre-costuras-palma.jpg 1200w\" sizes=\"(max-width: 1024px) 100vw, 1024px\" \/><\/p>\n","protected":false},"excerpt":{"rendered":"<p>This January, the musical El tiempo entre costuras in Palma <a href=\"https:\/\/mallorcacaprice.com\/en\/musical-tiempo-entre-costuras-palma-mallorca\/\"> [&#8230;]<\/a><\/p>\n","protected":false},"author":4,"featured_media":40934,"comment_status":"open","ping_status":"open","sticky":false,"template":"","format":"standard","meta":{"footnotes":""},"categories":[136],"tags":[],"class_list":["post-40937","post","type-post","status-publish","format-standard","has-post-thumbnail","hentry","category-blog-en"],"yoast_head":"<!-- This site is optimized with the Yoast SEO plugin v26.6 - https:\/\/yoast.com\/wordpress\/plugins\/seo\/ -->\n<title>The musical El Tiempo entre costuras lands in Palma - Mallorca Caprice<\/title>\n<meta name=\"description\" content=\"The musical El tiempo entre costuras in Palma will offer the best of this well-known story in the Audit\u00f2rium during the month of January.\" \/>\n<meta name=\"robots\" content=\"index, follow, max-snippet:-1, max-image-preview:large, max-video-preview:-1\" \/>\n<link rel=\"canonical\" href=\"https:\/\/mallorcacaprice.com\/en\/musical-tiempo-entre-costuras-palma-mallorca\/\" \/>\n<meta property=\"og:locale\" content=\"en_US\" \/>\n<meta property=\"og:type\" content=\"article\" \/>\n<meta property=\"og:title\" content=\"The musical El Tiempo entre costuras lands in Palma - Mallorca Caprice\" \/>\n<meta property=\"og:description\" content=\"The musical El tiempo entre costuras in Palma will offer the best of this well-known story in the Audit\u00f2rium during the month of January.\" \/>\n<meta property=\"og:url\" content=\"https:\/\/mallorcacaprice.com\/en\/musical-tiempo-entre-costuras-palma-mallorca\/\" \/>\n<meta property=\"og:site_name\" content=\"Mallorca Caprice\" \/>\n<meta property=\"article:published_time\" content=\"2024-01-10T13:00:38+00:00\" \/>\n<meta property=\"article:modified_time\" content=\"2024-01-10T13:02:35+00:00\" \/>\n<meta property=\"og:image\" content=\"https:\/\/mallorcacaprice.com\/wp-content\/uploads\/musical-el-tiempo-entre-costuras-palma.jpg\" \/>\n\t<meta property=\"og:image:width\" content=\"1200\" \/>\n\t<meta property=\"og:image:height\" content=\"776\" \/>\n\t<meta property=\"og:image:type\" content=\"image\/jpeg\" \/>\n<meta name=\"author\" content=\"Mallorca Caprice\" \/>\n<meta name=\"twitter:card\" content=\"summary_large_image\" \/>\n<meta name=\"twitter:label1\" content=\"Written by\" \/>\n\t<meta name=\"twitter:data1\" content=\"Mallorca Caprice\" \/>\n\t<meta name=\"twitter:label2\" content=\"Est. reading time\" \/>\n\t<meta name=\"twitter:data2\" content=\"3 minutes\" \/>\n<script type=\"application\/ld+json\" class=\"yoast-schema-graph\">{\"@context\":\"https:\/\/schema.org\",\"@graph\":[{\"@type\":\"WebPage\",\"@id\":\"https:\/\/mallorcacaprice.com\/en\/musical-tiempo-entre-costuras-palma-mallorca\/\",\"url\":\"https:\/\/mallorcacaprice.com\/en\/musical-tiempo-entre-costuras-palma-mallorca\/\",\"name\":\"The musical El Tiempo entre costuras lands in Palma - Mallorca Caprice\",\"isPartOf\":{\"@id\":\"https:\/\/mallorcacaprice.com\/#website\"},\"primaryImageOfPage\":{\"@id\":\"https:\/\/mallorcacaprice.com\/en\/musical-tiempo-entre-costuras-palma-mallorca\/#primaryimage\"},\"image\":{\"@id\":\"https:\/\/mallorcacaprice.com\/en\/musical-tiempo-entre-costuras-palma-mallorca\/#primaryimage\"},\"thumbnailUrl\":\"https:\/\/mallorcacaprice.com\/wp-content\/uploads\/musical-el-tiempo-entre-costuras-palma.jpg\",\"datePublished\":\"2024-01-10T13:00:38+00:00\",\"dateModified\":\"2024-01-10T13:02:35+00:00\",\"author\":{\"@id\":\"https:\/\/mallorcacaprice.com\/#\/schema\/person\/08fd62871ccb7d9177e190ed2780afef\"},\"description\":\"The musical El tiempo entre costuras in Palma will offer the best of this well-known story in the Audit\u00f2rium during the month of January.\",\"breadcrumb\":{\"@id\":\"https:\/\/mallorcacaprice.com\/en\/musical-tiempo-entre-costuras-palma-mallorca\/#breadcrumb\"},\"inLanguage\":\"en-US\",\"potentialAction\":[{\"@type\":\"ReadAction\",\"target\":[\"https:\/\/mallorcacaprice.com\/en\/musical-tiempo-entre-costuras-palma-mallorca\/\"]}]},{\"@type\":\"ImageObject\",\"inLanguage\":\"en-US\",\"@id\":\"https:\/\/mallorcacaprice.com\/en\/musical-tiempo-entre-costuras-palma-mallorca\/#primaryimage\",\"url\":\"https:\/\/mallorcacaprice.com\/wp-content\/uploads\/musical-el-tiempo-entre-costuras-palma.jpg\",\"contentUrl\":\"https:\/\/mallorcacaprice.com\/wp-content\/uploads\/musical-el-tiempo-entre-costuras-palma.jpg\",\"width\":1200,\"height\":776,\"caption\":\"musical el tiempo entre costuras palma\"},{\"@type\":\"BreadcrumbList\",\"@id\":\"https:\/\/mallorcacaprice.com\/en\/musical-tiempo-entre-costuras-palma-mallorca\/#breadcrumb\",\"itemListElement\":[{\"@type\":\"ListItem\",\"position\":1,\"name\":\"Portada\",\"item\":\"https:\/\/mallorcacaprice.com\/en\/\"},{\"@type\":\"ListItem\",\"position\":2,\"name\":\"The musical El tiempo entre costuras lands in Palma this January\"}]},{\"@type\":\"WebSite\",\"@id\":\"https:\/\/mallorcacaprice.com\/#website\",\"url\":\"https:\/\/mallorcacaprice.com\/\",\"name\":\"Mallorca Caprice\",\"description\":\"Mediterranean happiness guide\",\"potentialAction\":[{\"@type\":\"SearchAction\",\"target\":{\"@type\":\"EntryPoint\",\"urlTemplate\":\"https:\/\/mallorcacaprice.com\/?s={search_term_string}\"},\"query-input\":{\"@type\":\"PropertyValueSpecification\",\"valueRequired\":true,\"valueName\":\"search_term_string\"}}],\"inLanguage\":\"en-US\"},{\"@type\":\"Person\",\"@id\":\"https:\/\/mallorcacaprice.com\/#\/schema\/person\/08fd62871ccb7d9177e190ed2780afef\",\"name\":\"Mallorca Caprice\",\"image\":{\"@type\":\"ImageObject\",\"inLanguage\":\"en-US\",\"@id\":\"https:\/\/mallorcacaprice.com\/#\/schema\/person\/image\/\",\"url\":\"https:\/\/secure.gravatar.com\/avatar\/54a4bcd1a68eccdda3505d7ee5d6ebb8e5dd78095a07d388940305fac2e49572?s=96&d=mm&r=g\",\"contentUrl\":\"https:\/\/secure.gravatar.com\/avatar\/54a4bcd1a68eccdda3505d7ee5d6ebb8e5dd78095a07d388940305fac2e49572?s=96&d=mm&r=g\",\"caption\":\"Mallorca Caprice\"},\"url\":\"https:\/\/mallorcacaprice.com\/en\/author\/elena\/\"}]}<\/script>\n<!-- \/ Yoast SEO plugin. -->","yoast_head_json":{"title":"The musical El Tiempo entre costuras lands in Palma - Mallorca Caprice","description":"The musical El tiempo entre costuras in Palma will offer the best of this well-known story in the Audit\u00f2rium during the month of January.","robots":{"index":"index","follow":"follow","max-snippet":"max-snippet:-1","max-image-preview":"max-image-preview:large","max-video-preview":"max-video-preview:-1"},"canonical":"https:\/\/mallorcacaprice.com\/en\/musical-tiempo-entre-costuras-palma-mallorca\/","og_locale":"en_US","og_type":"article","og_title":"The musical El Tiempo entre costuras lands in Palma - Mallorca Caprice","og_description":"The musical El tiempo entre costuras in Palma will offer the best of this well-known story in the Audit\u00f2rium during the month of January.","og_url":"https:\/\/mallorcacaprice.com\/en\/musical-tiempo-entre-costuras-palma-mallorca\/","og_site_name":"Mallorca Caprice","article_published_time":"2024-01-10T13:00:38+00:00","article_modified_time":"2024-01-10T13:02:35+00:00","og_image":[{"width":1200,"height":776,"url":"https:\/\/mallorcacaprice.com\/wp-content\/uploads\/musical-el-tiempo-entre-costuras-palma.jpg","type":"image\/jpeg"}],"author":"Mallorca Caprice","twitter_card":"summary_large_image","twitter_misc":{"Written by":"Mallorca Caprice","Est. reading time":"3 minutes"},"schema":{"@context":"https:\/\/schema.org","@graph":[{"@type":"WebPage","@id":"https:\/\/mallorcacaprice.com\/en\/musical-tiempo-entre-costuras-palma-mallorca\/","url":"https:\/\/mallorcacaprice.com\/en\/musical-tiempo-entre-costuras-palma-mallorca\/","name":"The musical El Tiempo entre costuras lands in Palma - Mallorca Caprice","isPartOf":{"@id":"https:\/\/mallorcacaprice.com\/#website"},"primaryImageOfPage":{"@id":"https:\/\/mallorcacaprice.com\/en\/musical-tiempo-entre-costuras-palma-mallorca\/#primaryimage"},"image":{"@id":"https:\/\/mallorcacaprice.com\/en\/musical-tiempo-entre-costuras-palma-mallorca\/#primaryimage"},"thumbnailUrl":"https:\/\/mallorcacaprice.com\/wp-content\/uploads\/musical-el-tiempo-entre-costuras-palma.jpg","datePublished":"2024-01-10T13:00:38+00:00","dateModified":"2024-01-10T13:02:35+00:00","author":{"@id":"https:\/\/mallorcacaprice.com\/#\/schema\/person\/08fd62871ccb7d9177e190ed2780afef"},"description":"The musical El tiempo entre costuras in Palma will offer the best of this well-known story in the Audit\u00f2rium during the month of January.","breadcrumb":{"@id":"https:\/\/mallorcacaprice.com\/en\/musical-tiempo-entre-costuras-palma-mallorca\/#breadcrumb"},"inLanguage":"en-US","potentialAction":[{"@type":"ReadAction","target":["https:\/\/mallorcacaprice.com\/en\/musical-tiempo-entre-costuras-palma-mallorca\/"]}]},{"@type":"ImageObject","inLanguage":"en-US","@id":"https:\/\/mallorcacaprice.com\/en\/musical-tiempo-entre-costuras-palma-mallorca\/#primaryimage","url":"https:\/\/mallorcacaprice.com\/wp-content\/uploads\/musical-el-tiempo-entre-costuras-palma.jpg","contentUrl":"https:\/\/mallorcacaprice.com\/wp-content\/uploads\/musical-el-tiempo-entre-costuras-palma.jpg","width":1200,"height":776,"caption":"musical el tiempo entre costuras palma"},{"@type":"BreadcrumbList","@id":"https:\/\/mallorcacaprice.com\/en\/musical-tiempo-entre-costuras-palma-mallorca\/#breadcrumb","itemListElement":[{"@type":"ListItem","position":1,"name":"Portada","item":"https:\/\/mallorcacaprice.com\/en\/"},{"@type":"ListItem","position":2,"name":"The musical El tiempo entre costuras lands in Palma this January"}]},{"@type":"WebSite","@id":"https:\/\/mallorcacaprice.com\/#website","url":"https:\/\/mallorcacaprice.com\/","name":"Mallorca Caprice","description":"Mediterranean happiness guide","potentialAction":[{"@type":"SearchAction","target":{"@type":"EntryPoint","urlTemplate":"https:\/\/mallorcacaprice.com\/?s={search_term_string}"},"query-input":{"@type":"PropertyValueSpecification","valueRequired":true,"valueName":"search_term_string"}}],"inLanguage":"en-US"},{"@type":"Person","@id":"https:\/\/mallorcacaprice.com\/#\/schema\/person\/08fd62871ccb7d9177e190ed2780afef","name":"Mallorca Caprice","image":{"@type":"ImageObject","inLanguage":"en-US","@id":"https:\/\/mallorcacaprice.com\/#\/schema\/person\/image\/","url":"https:\/\/secure.gravatar.com\/avatar\/54a4bcd1a68eccdda3505d7ee5d6ebb8e5dd78095a07d388940305fac2e49572?s=96&d=mm&r=g","contentUrl":"https:\/\/secure.gravatar.com\/avatar\/54a4bcd1a68eccdda3505d7ee5d6ebb8e5dd78095a07d388940305fac2e49572?s=96&d=mm&r=g","caption":"Mallorca Caprice"},"url":"https:\/\/mallorcacaprice.com\/en\/author\/elena\/"}]}},"_links":{"self":[{"href":"https:\/\/mallorcacaprice.com\/en\/wp-json\/wp\/v2\/posts\/40937","targetHints":{"allow":["GET"]}}],"collection":[{"href":"https:\/\/mallorcacaprice.com\/en\/wp-json\/wp\/v2\/posts"}],"about":[{"href":"https:\/\/mallorcacaprice.com\/en\/wp-json\/wp\/v2\/types\/post"}],"author":[{"embeddable":true,"href":"https:\/\/mallorcacaprice.com\/en\/wp-json\/wp\/v2\/users\/4"}],"replies":[{"embeddable":true,"href":"https:\/\/mallorcacaprice.com\/en\/wp-json\/wp\/v2\/comments?post=40937"}],"version-history":[{"count":2,"href":"https:\/\/mallorcacaprice.com\/en\/wp-json\/wp\/v2\/posts\/40937\/revisions"}],"predecessor-version":[{"id":40939,"href":"https:\/\/mallorcacaprice.com\/en\/wp-json\/wp\/v2\/posts\/40937\/revisions\/40939"}],"wp:featuredmedia":[{"embeddable":true,"href":"https:\/\/mallorcacaprice.com\/en\/wp-json\/wp\/v2\/media\/40934"}],"wp:attachment":[{"href":"https:\/\/mallorcacaprice.com\/en\/wp-json\/wp\/v2\/media?parent=40937"}],"wp:term":[{"taxonomy":"category","embeddable":true,"href":"https:\/\/mallorcacaprice.com\/en\/wp-json\/wp\/v2\/categories?post=40937"},{"taxonomy":"post_tag","embeddable":true,"href":"https:\/\/mallorcacaprice.com\/en\/wp-json\/wp\/v2\/tags?post=40937"}],"curies":[{"name":"wp","href":"https:\/\/api.w.org\/{rel}","templated":true}]}}