{"id":40650,"date":"2023-09-29T07:31:31","date_gmt":"2023-09-29T05:31:31","guid":{"rendered":"https:\/\/mallorcacaprice.com\/?p=40650"},"modified":"2023-09-29T09:39:53","modified_gmt":"2023-09-29T07:39:53","slug":"jornadas-gastronomicas-gamba-soller","status":"publish","type":"post","link":"https:\/\/mallorcacaprice.com\/en\/jornadas-gastronomicas-gamba-soller\/","title":{"rendered":"The Gastronomic Days of the S\u00f3ller Prawn highlight its star product"},"content":{"rendered":"<p>The Jornades Gastron\u00f2miques de la Gamba de S\u00f3ller (S\u00f3ller Prawn Gastronomic Days) return in 2023 to liven up the streets of the municipality. A few days in which one of S\u00f3ller&#8217;s star products is extolled: the red prawn. To celebrate, numerous restaurants will be offering special menus with local prawns as the protagonists. These Jornades Gastron\u00f2miques de la Gamba de S\u00f3ller (S\u00f3ller Prawn Gastronomic Days will be held from 29th September to 8th October.<\/p>\n<h2>Participating restaurants<\/h2>\n<ul>\n<li>Airecel Restaurante. C\/ Santa Maria del Cam\u00ed, 1. S\u00f3ller.<\/li>\n<li>Restaurante Ca&#8217;n Boqueta. Gran Via, 43. S\u00f3ller.<\/li>\n<li>Restaurante El Gu\u00eda. Carrer Castanyer, 2. S\u00f3ller.<\/li>\n<li>Sa Figuera. Carrer d\u2019Antoni Montis, 6. Port de S\u00f3ller.<\/li>\n<li>Es Verd Mar\u00ed. Carrer d\u2019es Far, 5. Port de S\u00f3ller.<\/li>\n<li>Restaurante El Deseo. Pol\u00edgon de Sa Platja, 13. Port de S\u00f3ller.<\/li>\n<li>Barretes Restaurant. luxury &amp; retreat, Cas Xorc. S\u00f3ller.<\/li>\n<li>Restaurante Es Cany\u00eds. Platja d\u2019En Repic, 21. Port de S\u00f3ller.<\/li>\n<li>Restaurant Los Geranios. Passeig de Sa Platja, 15. Port de S\u00f3ller.<\/li>\n<\/ul>\n<p><img decoding=\"async\" class=\"size-large wp-image-40645 aligncenter\" src=\"https:\/\/mallorcacaprice.com\/wp-content\/uploads\/\/jornadas-gamba-soller-1024x903.jpeg\" alt=\"jornadas gastron\u00f3micas gamba soller\" width=\"1024\" height=\"903\" srcset=\"https:\/\/mallorcacaprice.com\/wp-content\/uploads\/jornadas-gamba-soller-200x176.jpeg 200w, https:\/\/mallorcacaprice.com\/wp-content\/uploads\/jornadas-gamba-soller-300x265.jpeg 300w, https:\/\/mallorcacaprice.com\/wp-content\/uploads\/jornadas-gamba-soller-400x353.jpeg 400w, https:\/\/mallorcacaprice.com\/wp-content\/uploads\/jornadas-gamba-soller-600x529.jpeg 600w, https:\/\/mallorcacaprice.com\/wp-content\/uploads\/jornadas-gamba-soller-768x677.jpeg 768w, https:\/\/mallorcacaprice.com\/wp-content\/uploads\/jornadas-gamba-soller-800x705.jpeg 800w, https:\/\/mallorcacaprice.com\/wp-content\/uploads\/jornadas-gamba-soller-1024x903.jpeg 1024w, https:\/\/mallorcacaprice.com\/wp-content\/uploads\/jornadas-gamba-soller.jpeg 1200w\" sizes=\"(max-width: 1024px) 100vw, 1024px\" \/><\/p>\n","protected":false},"excerpt":{"rendered":"<p>The Jornades Gastron\u00f2miques de la Gamba de S\u00f3ller (S\u00f3ller Prawn <a href=\"https:\/\/mallorcacaprice.com\/en\/jornadas-gastronomicas-gamba-soller\/\"> [&#8230;]<\/a><\/p>\n","protected":false},"author":4,"featured_media":40646,"comment_status":"open","ping_status":"open","sticky":false,"template":"","format":"standard","meta":{"footnotes":""},"categories":[56,136],"tags":[],"class_list":["post-40650","post","type-post","status-publish","format-standard","has-post-thumbnail","hentry","category-eventos-en","category-blog-en"],"yoast_head":"<!-- This site is optimized with the Yoast SEO plugin v26.6 - https:\/\/yoast.com\/wordpress\/plugins\/seo\/ -->\n<title>Gastronomic Days S\u00f3ller Prawn 2023 - Mallorca Caprice<\/title>\n<meta name=\"description\" content=\"The Jornades Gastron\u00f2miques de la Gamba de S\u00f3ller return in 2023 to liven up the streets of the municipality until 8 October.\" \/>\n<meta name=\"robots\" content=\"index, follow, max-snippet:-1, max-image-preview:large, max-video-preview:-1\" \/>\n<link rel=\"canonical\" href=\"https:\/\/mallorcacaprice.com\/jornadas-gastronomicas-gamba-soller\/\" \/>\n<meta property=\"og:locale\" content=\"en_US\" \/>\n<meta property=\"og:type\" content=\"article\" \/>\n<meta property=\"og:title\" content=\"Gastronomic Days S\u00f3ller Prawn 2023 - Mallorca Caprice\" \/>\n<meta property=\"og:description\" content=\"The Jornades Gastron\u00f2miques de la Gamba de S\u00f3ller return in 2023 to liven up the streets of the municipality until 8 October.\" \/>\n<meta property=\"og:url\" content=\"https:\/\/mallorcacaprice.com\/jornadas-gastronomicas-gamba-soller\/\" \/>\n<meta property=\"og:site_name\" content=\"Mallorca Caprice\" \/>\n<meta property=\"article:published_time\" content=\"2023-09-29T05:31:31+00:00\" \/>\n<meta property=\"article:modified_time\" content=\"2023-09-29T07:39:53+00:00\" \/>\n<meta property=\"og:image\" content=\"https:\/\/mallorcacaprice.com\/wp-content\/uploads\/jornadas-gamba-soller.jpeg\" \/>\n\t<meta property=\"og:image:width\" content=\"1200\" \/>\n\t<meta property=\"og:image:height\" content=\"1058\" \/>\n\t<meta property=\"og:image:type\" content=\"image\/jpeg\" \/>\n<meta name=\"author\" content=\"Mallorca Caprice\" \/>\n<meta name=\"twitter:card\" content=\"summary_large_image\" \/>\n<meta name=\"twitter:label1\" content=\"Written by\" \/>\n\t<meta name=\"twitter:data1\" content=\"Mallorca Caprice\" \/>\n\t<meta name=\"twitter:label2\" content=\"Est. reading time\" \/>\n\t<meta name=\"twitter:data2\" content=\"1 minute\" \/>\n<script type=\"application\/ld+json\" class=\"yoast-schema-graph\">{\"@context\":\"https:\/\/schema.org\",\"@graph\":[{\"@type\":\"WebPage\",\"@id\":\"https:\/\/mallorcacaprice.com\/jornadas-gastronomicas-gamba-soller\/\",\"url\":\"https:\/\/mallorcacaprice.com\/jornadas-gastronomicas-gamba-soller\/\",\"name\":\"Gastronomic Days S\u00f3ller Prawn 2023 - Mallorca Caprice\",\"isPartOf\":{\"@id\":\"https:\/\/mallorcacaprice.com\/#website\"},\"primaryImageOfPage\":{\"@id\":\"https:\/\/mallorcacaprice.com\/jornadas-gastronomicas-gamba-soller\/#primaryimage\"},\"image\":{\"@id\":\"https:\/\/mallorcacaprice.com\/jornadas-gastronomicas-gamba-soller\/#primaryimage\"},\"thumbnailUrl\":\"https:\/\/mallorcacaprice.com\/wp-content\/uploads\/jornadas-gamba-soller.jpeg\",\"datePublished\":\"2023-09-29T05:31:31+00:00\",\"dateModified\":\"2023-09-29T07:39:53+00:00\",\"author\":{\"@id\":\"https:\/\/mallorcacaprice.com\/#\/schema\/person\/08fd62871ccb7d9177e190ed2780afef\"},\"description\":\"The Jornades Gastron\u00f2miques de la Gamba de S\u00f3ller return in 2023 to liven up the streets of the municipality until 8 October.\",\"breadcrumb\":{\"@id\":\"https:\/\/mallorcacaprice.com\/jornadas-gastronomicas-gamba-soller\/#breadcrumb\"},\"inLanguage\":\"en-US\",\"potentialAction\":[{\"@type\":\"ReadAction\",\"target\":[\"https:\/\/mallorcacaprice.com\/jornadas-gastronomicas-gamba-soller\/\"]}]},{\"@type\":\"ImageObject\",\"inLanguage\":\"en-US\",\"@id\":\"https:\/\/mallorcacaprice.com\/jornadas-gastronomicas-gamba-soller\/#primaryimage\",\"url\":\"https:\/\/mallorcacaprice.com\/wp-content\/uploads\/jornadas-gamba-soller.jpeg\",\"contentUrl\":\"https:\/\/mallorcacaprice.com\/wp-content\/uploads\/jornadas-gamba-soller.jpeg\",\"width\":1200,\"height\":1058,\"caption\":\"A closeup shot of fresh big red shrimps on a black background\"},{\"@type\":\"BreadcrumbList\",\"@id\":\"https:\/\/mallorcacaprice.com\/jornadas-gastronomicas-gamba-soller\/#breadcrumb\",\"itemListElement\":[{\"@type\":\"ListItem\",\"position\":1,\"name\":\"Portada\",\"item\":\"https:\/\/mallorcacaprice.com\/en\/\"},{\"@type\":\"ListItem\",\"position\":2,\"name\":\"The Gastronomic Days of the S\u00f3ller Prawn highlight its star product\"}]},{\"@type\":\"WebSite\",\"@id\":\"https:\/\/mallorcacaprice.com\/#website\",\"url\":\"https:\/\/mallorcacaprice.com\/\",\"name\":\"Mallorca Caprice\",\"description\":\"Mediterranean happiness guide\",\"potentialAction\":[{\"@type\":\"SearchAction\",\"target\":{\"@type\":\"EntryPoint\",\"urlTemplate\":\"https:\/\/mallorcacaprice.com\/?s={search_term_string}\"},\"query-input\":{\"@type\":\"PropertyValueSpecification\",\"valueRequired\":true,\"valueName\":\"search_term_string\"}}],\"inLanguage\":\"en-US\"},{\"@type\":\"Person\",\"@id\":\"https:\/\/mallorcacaprice.com\/#\/schema\/person\/08fd62871ccb7d9177e190ed2780afef\",\"name\":\"Mallorca Caprice\",\"image\":{\"@type\":\"ImageObject\",\"inLanguage\":\"en-US\",\"@id\":\"https:\/\/mallorcacaprice.com\/#\/schema\/person\/image\/\",\"url\":\"https:\/\/secure.gravatar.com\/avatar\/54a4bcd1a68eccdda3505d7ee5d6ebb8e5dd78095a07d388940305fac2e49572?s=96&d=mm&r=g\",\"contentUrl\":\"https:\/\/secure.gravatar.com\/avatar\/54a4bcd1a68eccdda3505d7ee5d6ebb8e5dd78095a07d388940305fac2e49572?s=96&d=mm&r=g\",\"caption\":\"Mallorca Caprice\"},\"url\":\"https:\/\/mallorcacaprice.com\/en\/author\/elena\/\"}]}<\/script>\n<!-- \/ Yoast SEO plugin. -->","yoast_head_json":{"title":"Gastronomic Days S\u00f3ller Prawn 2023 - Mallorca Caprice","description":"The Jornades Gastron\u00f2miques de la Gamba de S\u00f3ller return in 2023 to liven up the streets of the municipality until 8 October.","robots":{"index":"index","follow":"follow","max-snippet":"max-snippet:-1","max-image-preview":"max-image-preview:large","max-video-preview":"max-video-preview:-1"},"canonical":"https:\/\/mallorcacaprice.com\/jornadas-gastronomicas-gamba-soller\/","og_locale":"en_US","og_type":"article","og_title":"Gastronomic Days S\u00f3ller Prawn 2023 - Mallorca Caprice","og_description":"The Jornades Gastron\u00f2miques de la Gamba de S\u00f3ller return in 2023 to liven up the streets of the municipality until 8 October.","og_url":"https:\/\/mallorcacaprice.com\/jornadas-gastronomicas-gamba-soller\/","og_site_name":"Mallorca Caprice","article_published_time":"2023-09-29T05:31:31+00:00","article_modified_time":"2023-09-29T07:39:53+00:00","og_image":[{"width":1200,"height":1058,"url":"https:\/\/mallorcacaprice.com\/wp-content\/uploads\/jornadas-gamba-soller.jpeg","type":"image\/jpeg"}],"author":"Mallorca Caprice","twitter_card":"summary_large_image","twitter_misc":{"Written by":"Mallorca Caprice","Est. reading time":"1 minute"},"schema":{"@context":"https:\/\/schema.org","@graph":[{"@type":"WebPage","@id":"https:\/\/mallorcacaprice.com\/jornadas-gastronomicas-gamba-soller\/","url":"https:\/\/mallorcacaprice.com\/jornadas-gastronomicas-gamba-soller\/","name":"Gastronomic Days S\u00f3ller Prawn 2023 - Mallorca Caprice","isPartOf":{"@id":"https:\/\/mallorcacaprice.com\/#website"},"primaryImageOfPage":{"@id":"https:\/\/mallorcacaprice.com\/jornadas-gastronomicas-gamba-soller\/#primaryimage"},"image":{"@id":"https:\/\/mallorcacaprice.com\/jornadas-gastronomicas-gamba-soller\/#primaryimage"},"thumbnailUrl":"https:\/\/mallorcacaprice.com\/wp-content\/uploads\/jornadas-gamba-soller.jpeg","datePublished":"2023-09-29T05:31:31+00:00","dateModified":"2023-09-29T07:39:53+00:00","author":{"@id":"https:\/\/mallorcacaprice.com\/#\/schema\/person\/08fd62871ccb7d9177e190ed2780afef"},"description":"The Jornades Gastron\u00f2miques de la Gamba de S\u00f3ller return in 2023 to liven up the streets of the municipality until 8 October.","breadcrumb":{"@id":"https:\/\/mallorcacaprice.com\/jornadas-gastronomicas-gamba-soller\/#breadcrumb"},"inLanguage":"en-US","potentialAction":[{"@type":"ReadAction","target":["https:\/\/mallorcacaprice.com\/jornadas-gastronomicas-gamba-soller\/"]}]},{"@type":"ImageObject","inLanguage":"en-US","@id":"https:\/\/mallorcacaprice.com\/jornadas-gastronomicas-gamba-soller\/#primaryimage","url":"https:\/\/mallorcacaprice.com\/wp-content\/uploads\/jornadas-gamba-soller.jpeg","contentUrl":"https:\/\/mallorcacaprice.com\/wp-content\/uploads\/jornadas-gamba-soller.jpeg","width":1200,"height":1058,"caption":"A closeup shot of fresh big red shrimps on a black background"},{"@type":"BreadcrumbList","@id":"https:\/\/mallorcacaprice.com\/jornadas-gastronomicas-gamba-soller\/#breadcrumb","itemListElement":[{"@type":"ListItem","position":1,"name":"Portada","item":"https:\/\/mallorcacaprice.com\/en\/"},{"@type":"ListItem","position":2,"name":"The Gastronomic Days of the S\u00f3ller Prawn highlight its star product"}]},{"@type":"WebSite","@id":"https:\/\/mallorcacaprice.com\/#website","url":"https:\/\/mallorcacaprice.com\/","name":"Mallorca Caprice","description":"Mediterranean happiness guide","potentialAction":[{"@type":"SearchAction","target":{"@type":"EntryPoint","urlTemplate":"https:\/\/mallorcacaprice.com\/?s={search_term_string}"},"query-input":{"@type":"PropertyValueSpecification","valueRequired":true,"valueName":"search_term_string"}}],"inLanguage":"en-US"},{"@type":"Person","@id":"https:\/\/mallorcacaprice.com\/#\/schema\/person\/08fd62871ccb7d9177e190ed2780afef","name":"Mallorca Caprice","image":{"@type":"ImageObject","inLanguage":"en-US","@id":"https:\/\/mallorcacaprice.com\/#\/schema\/person\/image\/","url":"https:\/\/secure.gravatar.com\/avatar\/54a4bcd1a68eccdda3505d7ee5d6ebb8e5dd78095a07d388940305fac2e49572?s=96&d=mm&r=g","contentUrl":"https:\/\/secure.gravatar.com\/avatar\/54a4bcd1a68eccdda3505d7ee5d6ebb8e5dd78095a07d388940305fac2e49572?s=96&d=mm&r=g","caption":"Mallorca Caprice"},"url":"https:\/\/mallorcacaprice.com\/en\/author\/elena\/"}]}},"_links":{"self":[{"href":"https:\/\/mallorcacaprice.com\/en\/wp-json\/wp\/v2\/posts\/40650","targetHints":{"allow":["GET"]}}],"collection":[{"href":"https:\/\/mallorcacaprice.com\/en\/wp-json\/wp\/v2\/posts"}],"about":[{"href":"https:\/\/mallorcacaprice.com\/en\/wp-json\/wp\/v2\/types\/post"}],"author":[{"embeddable":true,"href":"https:\/\/mallorcacaprice.com\/en\/wp-json\/wp\/v2\/users\/4"}],"replies":[{"embeddable":true,"href":"https:\/\/mallorcacaprice.com\/en\/wp-json\/wp\/v2\/comments?post=40650"}],"version-history":[{"count":1,"href":"https:\/\/mallorcacaprice.com\/en\/wp-json\/wp\/v2\/posts\/40650\/revisions"}],"predecessor-version":[{"id":40651,"href":"https:\/\/mallorcacaprice.com\/en\/wp-json\/wp\/v2\/posts\/40650\/revisions\/40651"}],"wp:featuredmedia":[{"embeddable":true,"href":"https:\/\/mallorcacaprice.com\/en\/wp-json\/wp\/v2\/media\/40646"}],"wp:attachment":[{"href":"https:\/\/mallorcacaprice.com\/en\/wp-json\/wp\/v2\/media?parent=40650"}],"wp:term":[{"taxonomy":"category","embeddable":true,"href":"https:\/\/mallorcacaprice.com\/en\/wp-json\/wp\/v2\/categories?post=40650"},{"taxonomy":"post_tag","embeddable":true,"href":"https:\/\/mallorcacaprice.com\/en\/wp-json\/wp\/v2\/tags?post=40650"}],"curies":[{"name":"wp","href":"https:\/\/api.w.org\/{rel}","templated":true}]}}