{"id":39505,"date":"2023-05-16T11:58:02","date_gmt":"2023-05-16T09:58:02","guid":{"rendered":"https:\/\/mallorcacaprice.com\/?p=39505"},"modified":"2023-05-16T17:02:22","modified_gmt":"2023-05-16T15:02:22","slug":"custo-barcelona-dazzle-in-mallorca","status":"publish","type":"post","link":"https:\/\/mallorcacaprice.com\/en\/custo-barcelona-dazzle-in-mallorca\/","title":{"rendered":"When Custo Barcelona dazzled in Mallorca"},"content":{"rendered":"<p><img decoding=\"async\" class=\" wp-image-39483 alignright\" src=\"https:\/\/mallorcacaprice.com\/wp-content\/uploads\/249d13_84598396a6bd486f84cc36edab8da434.webp\" alt=\"Desfile Custo Barcelona - Mallorca Caprice\" width=\"357\" height=\"536\" \/><\/p>\n<p>This year marks 10 years since the prestigious designer<strong> Custo Dalmau<\/strong> came to Mallorca with his <strong>Spring-Summer 2014 collection &#8216;Chic Contemporany Colour&#8217;<\/strong>, after a few weeks touring around Europe and after a premiere presentation in New York.<\/p>\n<p>Elena Ordinas, director of Mallorca Caprice, was the driving force behind this initiative, with which she set out to promote Mallorca as an urban destination beyond the summer with the collaboration of the Palma de Mallorca 365 Tourism Foundation. <strong>Mallorca Caprice organised an elegant and sophisticated fashion show in the Aljub de Es Baluard<\/strong> in which around twenty models wore the cheerful and transgressive tribal-inspired designs of the Custo Barcelona firm on the catwalk with the attentive gaze of more than 300 guests.<\/p>\n<p>Among those present were prominent personalities from Mallorcan society such as the Nadal sisters, Susy G\u00f3mez, businessmen Escarrer and Grupo Pi\u00f1ero and Horrach, representatives of luxury and fashion firms such as Lottusse, Mulberrys, Relojer\u00eda Alemana, Angel Sheleser, Escada, Gerhart Braun, among others.<\/p>\n<p>The event, an undeniable success, was extended beyond the fashion show with a dinner at Ses Drassanes and Tast and a chic party at Puro hotel.<\/p>\n\n\t\t<style type=\"text\/css\">\n\t\t\t#gallery-1 {\n\t\t\t\tmargin: auto;\n\t\t\t}\n\t\t\t#gallery-1 .gallery-item {\n\t\t\t\tfloat: left;\n\t\t\t\tmargin-top: 10px;\n\t\t\t\ttext-align: center;\n\t\t\t\twidth: 33%;\n\t\t\t}\n\t\t\t#gallery-1 img {\n\t\t\t\tborder: 2px solid #cfcfcf;\n\t\t\t}\n\t\t\t#gallery-1 .gallery-caption {\n\t\t\t\tmargin-left: 0;\n\t\t\t}\n\t\t\t\/* see gallery_shortcode() in wp-includes\/media.php *\/\n\t\t<\/style>\n\t\t<div id='gallery-1' class='gallery galleryid-39505 gallery-columns-3 gallery-size-medium'><dl class='gallery-item'>\n\t\t\t<dt class='gallery-icon landscape'>\n\t\t\t\t<img decoding=\"async\" width=\"300\" height=\"281\" src=\"https:\/\/mallorcacaprice.com\/wp-content\/uploads\/249d13_329aff4a42d64fd28737c4465c5e5ddf-300x281.webp\" class=\"attachment-medium size-medium\" alt=\"Desfile Custo Barcelona - Mallorca Caprice\" srcset=\"https:\/\/mallorcacaprice.com\/wp-content\/uploads\/249d13_329aff4a42d64fd28737c4465c5e5ddf-200x188.webp 200w, https:\/\/mallorcacaprice.com\/wp-content\/uploads\/249d13_329aff4a42d64fd28737c4465c5e5ddf-300x281.webp 300w, https:\/\/mallorcacaprice.com\/wp-content\/uploads\/249d13_329aff4a42d64fd28737c4465c5e5ddf-400x375.webp 400w, https:\/\/mallorcacaprice.com\/wp-content\/uploads\/249d13_329aff4a42d64fd28737c4465c5e5ddf-600x563.webp 600w, https:\/\/mallorcacaprice.com\/wp-content\/uploads\/249d13_329aff4a42d64fd28737c4465c5e5ddf.webp 754w\" sizes=\"(max-width: 300px) 100vw, 300px\" \/>\n\t\t\t<\/dt><\/dl><dl class='gallery-item'>\n\t\t\t<dt class='gallery-icon landscape'>\n\t\t\t\t<img decoding=\"async\" width=\"300\" height=\"287\" src=\"https:\/\/mallorcacaprice.com\/wp-content\/uploads\/249d13_99afb2548b5e42528fbb5a060be3b455-300x287.webp\" class=\"attachment-medium size-medium\" alt=\"Desfile Custo Barcelona - Mallorca Caprice\" srcset=\"https:\/\/mallorcacaprice.com\/wp-content\/uploads\/249d13_99afb2548b5e42528fbb5a060be3b455-200x191.webp 200w, https:\/\/mallorcacaprice.com\/wp-content\/uploads\/249d13_99afb2548b5e42528fbb5a060be3b455-300x287.webp 300w, https:\/\/mallorcacaprice.com\/wp-content\/uploads\/249d13_99afb2548b5e42528fbb5a060be3b455-400x383.webp 400w, https:\/\/mallorcacaprice.com\/wp-content\/uploads\/249d13_99afb2548b5e42528fbb5a060be3b455-600x574.webp 600w, https:\/\/mallorcacaprice.com\/wp-content\/uploads\/249d13_99afb2548b5e42528fbb5a060be3b455.webp 739w\" sizes=\"(max-width: 300px) 100vw, 300px\" \/>\n\t\t\t<\/dt><\/dl><dl class='gallery-item'>\n\t\t\t<dt class='gallery-icon portrait'>\n\t\t\t\t<img decoding=\"async\" width=\"271\" height=\"300\" src=\"https:\/\/mallorcacaprice.com\/wp-content\/uploads\/249d13_5b3d735bd0a44b08994807f34be2d046-271x300.webp\" class=\"attachment-medium size-medium\" alt=\"Desfile Custo Barcelona - Mallorca Caprice\" srcset=\"https:\/\/mallorcacaprice.com\/wp-content\/uploads\/249d13_5b3d735bd0a44b08994807f34be2d046-200x222.webp 200w, https:\/\/mallorcacaprice.com\/wp-content\/uploads\/249d13_5b3d735bd0a44b08994807f34be2d046-271x300.webp 271w, https:\/\/mallorcacaprice.com\/wp-content\/uploads\/249d13_5b3d735bd0a44b08994807f34be2d046-400x443.webp 400w, https:\/\/mallorcacaprice.com\/wp-content\/uploads\/249d13_5b3d735bd0a44b08994807f34be2d046-600x665.webp 600w, https:\/\/mallorcacaprice.com\/wp-content\/uploads\/249d13_5b3d735bd0a44b08994807f34be2d046.webp 638w\" sizes=\"(max-width: 271px) 100vw, 271px\" \/>\n\t\t\t<\/dt><\/dl><br style=\"clear: both\" \/><dl class='gallery-item'>\n\t\t\t<dt class='gallery-icon landscape'>\n\t\t\t\t<img decoding=\"async\" width=\"300\" height=\"200\" src=\"https:\/\/mallorcacaprice.com\/wp-content\/uploads\/249d13_09411d836b224cc59954af8831067a8c-300x200.webp\" class=\"attachment-medium size-medium\" alt=\"Desfile Custo Barcelona - Mallorca Caprice\" srcset=\"https:\/\/mallorcacaprice.com\/wp-content\/uploads\/249d13_09411d836b224cc59954af8831067a8c-200x133.webp 200w, https:\/\/mallorcacaprice.com\/wp-content\/uploads\/249d13_09411d836b224cc59954af8831067a8c-300x200.webp 300w, https:\/\/mallorcacaprice.com\/wp-content\/uploads\/249d13_09411d836b224cc59954af8831067a8c-400x267.webp 400w, https:\/\/mallorcacaprice.com\/wp-content\/uploads\/249d13_09411d836b224cc59954af8831067a8c-600x400.webp 600w, https:\/\/mallorcacaprice.com\/wp-content\/uploads\/249d13_09411d836b224cc59954af8831067a8c-768x512.webp 768w, https:\/\/mallorcacaprice.com\/wp-content\/uploads\/249d13_09411d836b224cc59954af8831067a8c-800x533.webp 800w, https:\/\/mallorcacaprice.com\/wp-content\/uploads\/249d13_09411d836b224cc59954af8831067a8c-1024x682.webp 1024w, https:\/\/mallorcacaprice.com\/wp-content\/uploads\/249d13_09411d836b224cc59954af8831067a8c.webp 1061w\" sizes=\"(max-width: 300px) 100vw, 300px\" \/>\n\t\t\t<\/dt><\/dl><dl class='gallery-item'>\n\t\t\t<dt class='gallery-icon landscape'>\n\t\t\t\t<img decoding=\"async\" width=\"300\" height=\"238\" src=\"https:\/\/mallorcacaprice.com\/wp-content\/uploads\/249d13_98a1660aba1243ff928cf1660a969493-300x238.webp\" class=\"attachment-medium size-medium\" alt=\"Desfile Custo Barcelona - Mallorca Caprice\" srcset=\"https:\/\/mallorcacaprice.com\/wp-content\/uploads\/249d13_98a1660aba1243ff928cf1660a969493-200x158.webp 200w, https:\/\/mallorcacaprice.com\/wp-content\/uploads\/249d13_98a1660aba1243ff928cf1660a969493-300x238.webp 300w, https:\/\/mallorcacaprice.com\/wp-content\/uploads\/249d13_98a1660aba1243ff928cf1660a969493-400x317.webp 400w, https:\/\/mallorcacaprice.com\/wp-content\/uploads\/249d13_98a1660aba1243ff928cf1660a969493-600x475.webp 600w, https:\/\/mallorcacaprice.com\/wp-content\/uploads\/249d13_98a1660aba1243ff928cf1660a969493-768x608.webp 768w, https:\/\/mallorcacaprice.com\/wp-content\/uploads\/249d13_98a1660aba1243ff928cf1660a969493-800x633.webp 800w, https:\/\/mallorcacaprice.com\/wp-content\/uploads\/249d13_98a1660aba1243ff928cf1660a969493.webp 893w\" sizes=\"(max-width: 300px) 100vw, 300px\" \/>\n\t\t\t<\/dt><\/dl>\n\t\t\t<br style='clear: both' \/>\n\t\t<\/div>\n\n<p>&nbsp;<\/p>\n<p>&nbsp;<\/p>\n\n\t\t<style type=\"text\/css\">\n\t\t\t#gallery-2 {\n\t\t\t\tmargin: auto;\n\t\t\t}\n\t\t\t#gallery-2 .gallery-item {\n\t\t\t\tfloat: left;\n\t\t\t\tmargin-top: 10px;\n\t\t\t\ttext-align: center;\n\t\t\t\twidth: 33%;\n\t\t\t}\n\t\t\t#gallery-2 img {\n\t\t\t\tborder: 2px solid #cfcfcf;\n\t\t\t}\n\t\t\t#gallery-2 .gallery-caption {\n\t\t\t\tmargin-left: 0;\n\t\t\t}\n\t\t\t\/* see gallery_shortcode() in wp-includes\/media.php *\/\n\t\t<\/style>\n\t\t<div id='gallery-2' class='gallery galleryid-39505 gallery-columns-3 gallery-size-medium'><dl class='gallery-item'>\n\t\t\t<dt class='gallery-icon landscape'>\n\t\t\t\t<img decoding=\"async\" width=\"300\" height=\"281\" src=\"https:\/\/mallorcacaprice.com\/wp-content\/uploads\/249d13_329aff4a42d64fd28737c4465c5e5ddf-300x281.webp\" class=\"attachment-medium size-medium\" alt=\"Desfile Custo Barcelona - Mallorca Caprice\" srcset=\"https:\/\/mallorcacaprice.com\/wp-content\/uploads\/249d13_329aff4a42d64fd28737c4465c5e5ddf-200x188.webp 200w, https:\/\/mallorcacaprice.com\/wp-content\/uploads\/249d13_329aff4a42d64fd28737c4465c5e5ddf-300x281.webp 300w, https:\/\/mallorcacaprice.com\/wp-content\/uploads\/249d13_329aff4a42d64fd28737c4465c5e5ddf-400x375.webp 400w, https:\/\/mallorcacaprice.com\/wp-content\/uploads\/249d13_329aff4a42d64fd28737c4465c5e5ddf-600x563.webp 600w, https:\/\/mallorcacaprice.com\/wp-content\/uploads\/249d13_329aff4a42d64fd28737c4465c5e5ddf.webp 754w\" sizes=\"(max-width: 300px) 100vw, 300px\" \/>\n\t\t\t<\/dt><\/dl><dl class='gallery-item'>\n\t\t\t<dt class='gallery-icon landscape'>\n\t\t\t\t<img decoding=\"async\" width=\"300\" height=\"287\" src=\"https:\/\/mallorcacaprice.com\/wp-content\/uploads\/249d13_99afb2548b5e42528fbb5a060be3b455-300x287.webp\" class=\"attachment-medium size-medium\" alt=\"Desfile Custo Barcelona - Mallorca Caprice\" srcset=\"https:\/\/mallorcacaprice.com\/wp-content\/uploads\/249d13_99afb2548b5e42528fbb5a060be3b455-200x191.webp 200w, https:\/\/mallorcacaprice.com\/wp-content\/uploads\/249d13_99afb2548b5e42528fbb5a060be3b455-300x287.webp 300w, https:\/\/mallorcacaprice.com\/wp-content\/uploads\/249d13_99afb2548b5e42528fbb5a060be3b455-400x383.webp 400w, https:\/\/mallorcacaprice.com\/wp-content\/uploads\/249d13_99afb2548b5e42528fbb5a060be3b455-600x574.webp 600w, https:\/\/mallorcacaprice.com\/wp-content\/uploads\/249d13_99afb2548b5e42528fbb5a060be3b455.webp 739w\" sizes=\"(max-width: 300px) 100vw, 300px\" \/>\n\t\t\t<\/dt><\/dl><dl class='gallery-item'>\n\t\t\t<dt class='gallery-icon portrait'>\n\t\t\t\t<img decoding=\"async\" width=\"271\" height=\"300\" src=\"https:\/\/mallorcacaprice.com\/wp-content\/uploads\/249d13_5b3d735bd0a44b08994807f34be2d046-271x300.webp\" class=\"attachment-medium size-medium\" alt=\"Desfile Custo Barcelona - Mallorca Caprice\" srcset=\"https:\/\/mallorcacaprice.com\/wp-content\/uploads\/249d13_5b3d735bd0a44b08994807f34be2d046-200x222.webp 200w, https:\/\/mallorcacaprice.com\/wp-content\/uploads\/249d13_5b3d735bd0a44b08994807f34be2d046-271x300.webp 271w, https:\/\/mallorcacaprice.com\/wp-content\/uploads\/249d13_5b3d735bd0a44b08994807f34be2d046-400x443.webp 400w, https:\/\/mallorcacaprice.com\/wp-content\/uploads\/249d13_5b3d735bd0a44b08994807f34be2d046-600x665.webp 600w, https:\/\/mallorcacaprice.com\/wp-content\/uploads\/249d13_5b3d735bd0a44b08994807f34be2d046.webp 638w\" sizes=\"(max-width: 271px) 100vw, 271px\" \/>\n\t\t\t<\/dt><\/dl><br style=\"clear: both\" \/><dl class='gallery-item'>\n\t\t\t<dt class='gallery-icon landscape'>\n\t\t\t\t<img decoding=\"async\" width=\"300\" height=\"200\" src=\"https:\/\/mallorcacaprice.com\/wp-content\/uploads\/249d13_09411d836b224cc59954af8831067a8c-300x200.webp\" class=\"attachment-medium size-medium\" alt=\"Desfile Custo Barcelona - Mallorca Caprice\" srcset=\"https:\/\/mallorcacaprice.com\/wp-content\/uploads\/249d13_09411d836b224cc59954af8831067a8c-200x133.webp 200w, https:\/\/mallorcacaprice.com\/wp-content\/uploads\/249d13_09411d836b224cc59954af8831067a8c-300x200.webp 300w, https:\/\/mallorcacaprice.com\/wp-content\/uploads\/249d13_09411d836b224cc59954af8831067a8c-400x267.webp 400w, https:\/\/mallorcacaprice.com\/wp-content\/uploads\/249d13_09411d836b224cc59954af8831067a8c-600x400.webp 600w, https:\/\/mallorcacaprice.com\/wp-content\/uploads\/249d13_09411d836b224cc59954af8831067a8c-768x512.webp 768w, https:\/\/mallorcacaprice.com\/wp-content\/uploads\/249d13_09411d836b224cc59954af8831067a8c-800x533.webp 800w, https:\/\/mallorcacaprice.com\/wp-content\/uploads\/249d13_09411d836b224cc59954af8831067a8c-1024x682.webp 1024w, https:\/\/mallorcacaprice.com\/wp-content\/uploads\/249d13_09411d836b224cc59954af8831067a8c.webp 1061w\" sizes=\"(max-width: 300px) 100vw, 300px\" \/>\n\t\t\t<\/dt><\/dl><dl class='gallery-item'>\n\t\t\t<dt class='gallery-icon landscape'>\n\t\t\t\t<img decoding=\"async\" width=\"300\" height=\"238\" src=\"https:\/\/mallorcacaprice.com\/wp-content\/uploads\/249d13_98a1660aba1243ff928cf1660a969493-300x238.webp\" class=\"attachment-medium size-medium\" alt=\"Desfile Custo Barcelona - Mallorca Caprice\" srcset=\"https:\/\/mallorcacaprice.com\/wp-content\/uploads\/249d13_98a1660aba1243ff928cf1660a969493-200x158.webp 200w, https:\/\/mallorcacaprice.com\/wp-content\/uploads\/249d13_98a1660aba1243ff928cf1660a969493-300x238.webp 300w, https:\/\/mallorcacaprice.com\/wp-content\/uploads\/249d13_98a1660aba1243ff928cf1660a969493-400x317.webp 400w, https:\/\/mallorcacaprice.com\/wp-content\/uploads\/249d13_98a1660aba1243ff928cf1660a969493-600x475.webp 600w, https:\/\/mallorcacaprice.com\/wp-content\/uploads\/249d13_98a1660aba1243ff928cf1660a969493-768x608.webp 768w, https:\/\/mallorcacaprice.com\/wp-content\/uploads\/249d13_98a1660aba1243ff928cf1660a969493-800x633.webp 800w, https:\/\/mallorcacaprice.com\/wp-content\/uploads\/249d13_98a1660aba1243ff928cf1660a969493.webp 893w\" sizes=\"(max-width: 300px) 100vw, 300px\" \/>\n\t\t\t<\/dt><\/dl>\n\t\t\t<br style='clear: both' \/>\n\t\t<\/div>\n\n<h2>This was reported in the media<\/h2>\n\n\t\t<style type=\"text\/css\">\n\t\t\t#gallery-3 {\n\t\t\t\tmargin: auto;\n\t\t\t}\n\t\t\t#gallery-3 .gallery-item {\n\t\t\t\tfloat: left;\n\t\t\t\tmargin-top: 10px;\n\t\t\t\ttext-align: center;\n\t\t\t\twidth: 25%;\n\t\t\t}\n\t\t\t#gallery-3 img {\n\t\t\t\tborder: 2px solid #cfcfcf;\n\t\t\t}\n\t\t\t#gallery-3 .gallery-caption {\n\t\t\t\tmargin-left: 0;\n\t\t\t}\n\t\t\t\/* see gallery_shortcode() in wp-includes\/media.php *\/\n\t\t<\/style>\n\t\t<div id='gallery-3' class='gallery galleryid-39505 gallery-columns-4 gallery-size-large'><dl class='gallery-item'>\n\t\t\t<dt class='gallery-icon portrait'>\n\t\t\t\t<a data-rel=\"iLightbox[postimages]\" data-title=\"249d13_923ac1c71d35445fa0fb024f339eed2c\" data-caption=\"\" href='https:\/\/mallorcacaprice.com\/en\/custo-barcelona-dazzle-in-mallorca\/249d13_923ac1c71d35445fa0fb024f339eed2c-2\/'><img decoding=\"async\" width=\"526\" height=\"745\" src=\"https:\/\/mallorcacaprice.com\/wp-content\/uploads\/249d13_923ac1c71d35445fa0fb024f339eed2c.webp\" class=\"attachment-large size-large\" alt=\"\" srcset=\"https:\/\/mallorcacaprice.com\/wp-content\/uploads\/249d13_923ac1c71d35445fa0fb024f339eed2c-200x283.webp 200w, https:\/\/mallorcacaprice.com\/wp-content\/uploads\/249d13_923ac1c71d35445fa0fb024f339eed2c-212x300.webp 212w, https:\/\/mallorcacaprice.com\/wp-content\/uploads\/249d13_923ac1c71d35445fa0fb024f339eed2c-400x567.webp 400w, https:\/\/mallorcacaprice.com\/wp-content\/uploads\/249d13_923ac1c71d35445fa0fb024f339eed2c.webp 526w\" sizes=\"(max-width: 526px) 100vw, 526px\" \/><\/a>\n\t\t\t<\/dt><\/dl><dl class='gallery-item'>\n\t\t\t<dt class='gallery-icon landscape'>\n\t\t\t\t<a data-rel=\"iLightbox[postimages]\" data-title=\"249d13_2ea418960cad483e9be9833479d78cf2\" data-caption=\"\" href='https:\/\/mallorcacaprice.com\/en\/custo-barcelona-dazzle-in-mallorca\/249d13_2ea418960cad483e9be9833479d78cf2-2\/'><img decoding=\"async\" width=\"1011\" height=\"745\" src=\"https:\/\/mallorcacaprice.com\/wp-content\/uploads\/249d13_2ea418960cad483e9be9833479d78cf2.webp\" class=\"attachment-large size-large\" alt=\"\" srcset=\"https:\/\/mallorcacaprice.com\/wp-content\/uploads\/249d13_2ea418960cad483e9be9833479d78cf2-200x147.webp 200w, https:\/\/mallorcacaprice.com\/wp-content\/uploads\/249d13_2ea418960cad483e9be9833479d78cf2-300x221.webp 300w, https:\/\/mallorcacaprice.com\/wp-content\/uploads\/249d13_2ea418960cad483e9be9833479d78cf2-400x295.webp 400w, https:\/\/mallorcacaprice.com\/wp-content\/uploads\/249d13_2ea418960cad483e9be9833479d78cf2-600x442.webp 600w, https:\/\/mallorcacaprice.com\/wp-content\/uploads\/249d13_2ea418960cad483e9be9833479d78cf2-768x566.webp 768w, https:\/\/mallorcacaprice.com\/wp-content\/uploads\/249d13_2ea418960cad483e9be9833479d78cf2-800x590.webp 800w, https:\/\/mallorcacaprice.com\/wp-content\/uploads\/249d13_2ea418960cad483e9be9833479d78cf2.webp 1011w\" sizes=\"(max-width: 1011px) 100vw, 1011px\" \/><\/a>\n\t\t\t<\/dt><\/dl><dl class='gallery-item'>\n\t\t\t<dt class='gallery-icon landscape'>\n\t\t\t\t<a data-rel=\"iLightbox[postimages]\" data-title=\"249d13_bf63fdf457754bfd809ca193c09905b8_page-0001-v2\" data-caption=\"\" href='https:\/\/mallorcacaprice.com\/en\/custo-barcelona-dazzle-in-mallorca\/249d13_bf63fdf457754bfd809ca193c09905b8_page-0001-v2\/'><img decoding=\"async\" width=\"1024\" height=\"594\" src=\"https:\/\/mallorcacaprice.com\/wp-content\/uploads\/249d13_bf63fdf457754bfd809ca193c09905b8_page-0001-v2-1024x594.jpg\" class=\"attachment-large size-large\" alt=\"\" srcset=\"https:\/\/mallorcacaprice.com\/wp-content\/uploads\/249d13_bf63fdf457754bfd809ca193c09905b8_page-0001-v2-200x116.jpg 200w, https:\/\/mallorcacaprice.com\/wp-content\/uploads\/249d13_bf63fdf457754bfd809ca193c09905b8_page-0001-v2-300x174.jpg 300w, https:\/\/mallorcacaprice.com\/wp-content\/uploads\/249d13_bf63fdf457754bfd809ca193c09905b8_page-0001-v2-400x232.jpg 400w, https:\/\/mallorcacaprice.com\/wp-content\/uploads\/249d13_bf63fdf457754bfd809ca193c09905b8_page-0001-v2-600x348.jpg 600w, https:\/\/mallorcacaprice.com\/wp-content\/uploads\/249d13_bf63fdf457754bfd809ca193c09905b8_page-0001-v2-768x445.jpg 768w, https:\/\/mallorcacaprice.com\/wp-content\/uploads\/249d13_bf63fdf457754bfd809ca193c09905b8_page-0001-v2-800x464.jpg 800w, https:\/\/mallorcacaprice.com\/wp-content\/uploads\/249d13_bf63fdf457754bfd809ca193c09905b8_page-0001-v2-1024x594.jpg 1024w, https:\/\/mallorcacaprice.com\/wp-content\/uploads\/249d13_bf63fdf457754bfd809ca193c09905b8_page-0001-v2-1200x696.jpg 1200w, https:\/\/mallorcacaprice.com\/wp-content\/uploads\/249d13_bf63fdf457754bfd809ca193c09905b8_page-0001-v2.jpg 1240w\" sizes=\"(max-width: 1024px) 100vw, 1024px\" \/><\/a>\n\t\t\t<\/dt><\/dl><dl class='gallery-item'>\n\t\t\t<dt class='gallery-icon portrait'>\n\t\t\t\t<a data-rel=\"iLightbox[postimages]\" data-title=\"249d13_ad91dc3a60da4e84b4fa1b993e52380f\" data-caption=\"\" href='https:\/\/mallorcacaprice.com\/en\/custo-barcelona-dazzle-in-mallorca\/249d13_ad91dc3a60da4e84b4fa1b993e52380f-2\/'><img decoding=\"async\" width=\"526\" height=\"745\" src=\"https:\/\/mallorcacaprice.com\/wp-content\/uploads\/249d13_ad91dc3a60da4e84b4fa1b993e52380f.webp\" class=\"attachment-large size-large\" alt=\"\" srcset=\"https:\/\/mallorcacaprice.com\/wp-content\/uploads\/249d13_ad91dc3a60da4e84b4fa1b993e52380f-200x283.webp 200w, https:\/\/mallorcacaprice.com\/wp-content\/uploads\/249d13_ad91dc3a60da4e84b4fa1b993e52380f-212x300.webp 212w, https:\/\/mallorcacaprice.com\/wp-content\/uploads\/249d13_ad91dc3a60da4e84b4fa1b993e52380f-400x567.webp 400w, https:\/\/mallorcacaprice.com\/wp-content\/uploads\/249d13_ad91dc3a60da4e84b4fa1b993e52380f.webp 526w\" sizes=\"(max-width: 526px) 100vw, 526px\" \/><\/a>\n\t\t\t<\/dt><\/dl><br style=\"clear: both\" \/>\n\t\t<\/div>\n\n","protected":false},"excerpt":{"rendered":"<p>This year marks 10 years since the prestigious designer Custo <a href=\"https:\/\/mallorcacaprice.com\/en\/custo-barcelona-dazzle-in-mallorca\/\"> [&#8230;]<\/a><\/p>\n","protected":false},"author":4,"featured_media":39503,"comment_status":"open","ping_status":"open","sticky":false,"template":"","format":"standard","meta":{"footnotes":""},"categories":[56,1504,136,1505],"tags":[],"class_list":["post-39505","post","type-post","status-publish","format-standard","has-post-thumbnail","hentry","category-eventos-en","category-mallorca-caprice-en","category-blog-en","category-palma-en"],"yoast_head":"<!-- This site is optimized with the Yoast SEO plugin v26.6 - https:\/\/yoast.com\/wordpress\/plugins\/seo\/ -->\n<title>When Custo Barcelona dazzled in Mallorca - Mallorca Caprice<\/title>\n<meta name=\"description\" content=\"We remember the great event that brought the designer Custo Barcelona to Palma, invited by Mallorca Caprice in 2013.\" \/>\n<meta name=\"robots\" content=\"index, follow, max-snippet:-1, max-image-preview:large, max-video-preview:-1\" \/>\n<link rel=\"canonical\" href=\"https:\/\/mallorcacaprice.com\/custo-barcelona-deslumbro-en-mallorca\/\" \/>\n<meta property=\"og:locale\" content=\"en_US\" \/>\n<meta property=\"og:type\" content=\"article\" \/>\n<meta property=\"og:title\" content=\"When Custo Barcelona dazzled in Mallorca - Mallorca Caprice\" \/>\n<meta property=\"og:description\" content=\"We remember the great event that brought the designer Custo Barcelona to Palma, invited by Mallorca Caprice in 2013.\" \/>\n<meta property=\"og:url\" content=\"https:\/\/mallorcacaprice.com\/custo-barcelona-deslumbro-en-mallorca\/\" \/>\n<meta property=\"og:site_name\" content=\"Mallorca Caprice\" \/>\n<meta property=\"article:published_time\" content=\"2023-05-16T09:58:02+00:00\" \/>\n<meta property=\"article:modified_time\" content=\"2023-05-16T15:02:22+00:00\" \/>\n<meta property=\"og:image\" content=\"https:\/\/mallorcacaprice.com\/wp-content\/uploads\/elena-custo-barcelona.jpg\" \/>\n\t<meta property=\"og:image:width\" content=\"469\" \/>\n\t<meta property=\"og:image:height\" content=\"319\" \/>\n\t<meta property=\"og:image:type\" content=\"image\/jpeg\" \/>\n<meta name=\"author\" content=\"Mallorca Caprice\" \/>\n<meta name=\"twitter:card\" content=\"summary_large_image\" \/>\n<meta name=\"twitter:label1\" content=\"Written by\" \/>\n\t<meta name=\"twitter:data1\" content=\"Mallorca Caprice\" \/>\n\t<meta name=\"twitter:label2\" content=\"Est. reading time\" \/>\n\t<meta name=\"twitter:data2\" content=\"2 minutes\" \/>\n<script type=\"application\/ld+json\" class=\"yoast-schema-graph\">{\"@context\":\"https:\/\/schema.org\",\"@graph\":[{\"@type\":\"WebPage\",\"@id\":\"https:\/\/mallorcacaprice.com\/custo-barcelona-deslumbro-en-mallorca\/\",\"url\":\"https:\/\/mallorcacaprice.com\/custo-barcelona-deslumbro-en-mallorca\/\",\"name\":\"When Custo Barcelona dazzled in Mallorca - Mallorca Caprice\",\"isPartOf\":{\"@id\":\"https:\/\/mallorcacaprice.com\/#website\"},\"primaryImageOfPage\":{\"@id\":\"https:\/\/mallorcacaprice.com\/custo-barcelona-deslumbro-en-mallorca\/#primaryimage\"},\"image\":{\"@id\":\"https:\/\/mallorcacaprice.com\/custo-barcelona-deslumbro-en-mallorca\/#primaryimage\"},\"thumbnailUrl\":\"https:\/\/mallorcacaprice.com\/wp-content\/uploads\/elena-custo-barcelona.jpg\",\"datePublished\":\"2023-05-16T09:58:02+00:00\",\"dateModified\":\"2023-05-16T15:02:22+00:00\",\"author\":{\"@id\":\"https:\/\/mallorcacaprice.com\/#\/schema\/person\/08fd62871ccb7d9177e190ed2780afef\"},\"description\":\"We remember the great event that brought the designer Custo Barcelona to Palma, invited by Mallorca Caprice in 2013.\",\"breadcrumb\":{\"@id\":\"https:\/\/mallorcacaprice.com\/custo-barcelona-deslumbro-en-mallorca\/#breadcrumb\"},\"inLanguage\":\"en-US\",\"potentialAction\":[{\"@type\":\"ReadAction\",\"target\":[\"https:\/\/mallorcacaprice.com\/custo-barcelona-deslumbro-en-mallorca\/\"]}]},{\"@type\":\"ImageObject\",\"inLanguage\":\"en-US\",\"@id\":\"https:\/\/mallorcacaprice.com\/custo-barcelona-deslumbro-en-mallorca\/#primaryimage\",\"url\":\"https:\/\/mallorcacaprice.com\/wp-content\/uploads\/elena-custo-barcelona.jpg\",\"contentUrl\":\"https:\/\/mallorcacaprice.com\/wp-content\/uploads\/elena-custo-barcelona.jpg\",\"width\":469,\"height\":319,\"caption\":\"De3\"},{\"@type\":\"BreadcrumbList\",\"@id\":\"https:\/\/mallorcacaprice.com\/custo-barcelona-deslumbro-en-mallorca\/#breadcrumb\",\"itemListElement\":[{\"@type\":\"ListItem\",\"position\":1,\"name\":\"Portada\",\"item\":\"https:\/\/mallorcacaprice.com\/en\/\"},{\"@type\":\"ListItem\",\"position\":2,\"name\":\"When Custo Barcelona dazzled in Mallorca\"}]},{\"@type\":\"WebSite\",\"@id\":\"https:\/\/mallorcacaprice.com\/#website\",\"url\":\"https:\/\/mallorcacaprice.com\/\",\"name\":\"Mallorca Caprice\",\"description\":\"Mediterranean happiness guide\",\"potentialAction\":[{\"@type\":\"SearchAction\",\"target\":{\"@type\":\"EntryPoint\",\"urlTemplate\":\"https:\/\/mallorcacaprice.com\/?s={search_term_string}\"},\"query-input\":{\"@type\":\"PropertyValueSpecification\",\"valueRequired\":true,\"valueName\":\"search_term_string\"}}],\"inLanguage\":\"en-US\"},{\"@type\":\"Person\",\"@id\":\"https:\/\/mallorcacaprice.com\/#\/schema\/person\/08fd62871ccb7d9177e190ed2780afef\",\"name\":\"Mallorca Caprice\",\"image\":{\"@type\":\"ImageObject\",\"inLanguage\":\"en-US\",\"@id\":\"https:\/\/mallorcacaprice.com\/#\/schema\/person\/image\/\",\"url\":\"https:\/\/secure.gravatar.com\/avatar\/54a4bcd1a68eccdda3505d7ee5d6ebb8e5dd78095a07d388940305fac2e49572?s=96&d=mm&r=g\",\"contentUrl\":\"https:\/\/secure.gravatar.com\/avatar\/54a4bcd1a68eccdda3505d7ee5d6ebb8e5dd78095a07d388940305fac2e49572?s=96&d=mm&r=g\",\"caption\":\"Mallorca Caprice\"},\"url\":\"https:\/\/mallorcacaprice.com\/en\/author\/elena\/\"}]}<\/script>\n<!-- \/ Yoast SEO plugin. -->","yoast_head_json":{"title":"When Custo Barcelona dazzled in Mallorca - Mallorca Caprice","description":"We remember the great event that brought the designer Custo Barcelona to Palma, invited by Mallorca Caprice in 2013.","robots":{"index":"index","follow":"follow","max-snippet":"max-snippet:-1","max-image-preview":"max-image-preview:large","max-video-preview":"max-video-preview:-1"},"canonical":"https:\/\/mallorcacaprice.com\/custo-barcelona-deslumbro-en-mallorca\/","og_locale":"en_US","og_type":"article","og_title":"When Custo Barcelona dazzled in Mallorca - Mallorca Caprice","og_description":"We remember the great event that brought the designer Custo Barcelona to Palma, invited by Mallorca Caprice in 2013.","og_url":"https:\/\/mallorcacaprice.com\/custo-barcelona-deslumbro-en-mallorca\/","og_site_name":"Mallorca Caprice","article_published_time":"2023-05-16T09:58:02+00:00","article_modified_time":"2023-05-16T15:02:22+00:00","og_image":[{"width":469,"height":319,"url":"https:\/\/mallorcacaprice.com\/wp-content\/uploads\/elena-custo-barcelona.jpg","type":"image\/jpeg"}],"author":"Mallorca Caprice","twitter_card":"summary_large_image","twitter_misc":{"Written by":"Mallorca Caprice","Est. reading time":"2 minutes"},"schema":{"@context":"https:\/\/schema.org","@graph":[{"@type":"WebPage","@id":"https:\/\/mallorcacaprice.com\/custo-barcelona-deslumbro-en-mallorca\/","url":"https:\/\/mallorcacaprice.com\/custo-barcelona-deslumbro-en-mallorca\/","name":"When Custo Barcelona dazzled in Mallorca - Mallorca Caprice","isPartOf":{"@id":"https:\/\/mallorcacaprice.com\/#website"},"primaryImageOfPage":{"@id":"https:\/\/mallorcacaprice.com\/custo-barcelona-deslumbro-en-mallorca\/#primaryimage"},"image":{"@id":"https:\/\/mallorcacaprice.com\/custo-barcelona-deslumbro-en-mallorca\/#primaryimage"},"thumbnailUrl":"https:\/\/mallorcacaprice.com\/wp-content\/uploads\/elena-custo-barcelona.jpg","datePublished":"2023-05-16T09:58:02+00:00","dateModified":"2023-05-16T15:02:22+00:00","author":{"@id":"https:\/\/mallorcacaprice.com\/#\/schema\/person\/08fd62871ccb7d9177e190ed2780afef"},"description":"We remember the great event that brought the designer Custo Barcelona to Palma, invited by Mallorca Caprice in 2013.","breadcrumb":{"@id":"https:\/\/mallorcacaprice.com\/custo-barcelona-deslumbro-en-mallorca\/#breadcrumb"},"inLanguage":"en-US","potentialAction":[{"@type":"ReadAction","target":["https:\/\/mallorcacaprice.com\/custo-barcelona-deslumbro-en-mallorca\/"]}]},{"@type":"ImageObject","inLanguage":"en-US","@id":"https:\/\/mallorcacaprice.com\/custo-barcelona-deslumbro-en-mallorca\/#primaryimage","url":"https:\/\/mallorcacaprice.com\/wp-content\/uploads\/elena-custo-barcelona.jpg","contentUrl":"https:\/\/mallorcacaprice.com\/wp-content\/uploads\/elena-custo-barcelona.jpg","width":469,"height":319,"caption":"De3"},{"@type":"BreadcrumbList","@id":"https:\/\/mallorcacaprice.com\/custo-barcelona-deslumbro-en-mallorca\/#breadcrumb","itemListElement":[{"@type":"ListItem","position":1,"name":"Portada","item":"https:\/\/mallorcacaprice.com\/en\/"},{"@type":"ListItem","position":2,"name":"When Custo Barcelona dazzled in Mallorca"}]},{"@type":"WebSite","@id":"https:\/\/mallorcacaprice.com\/#website","url":"https:\/\/mallorcacaprice.com\/","name":"Mallorca Caprice","description":"Mediterranean happiness guide","potentialAction":[{"@type":"SearchAction","target":{"@type":"EntryPoint","urlTemplate":"https:\/\/mallorcacaprice.com\/?s={search_term_string}"},"query-input":{"@type":"PropertyValueSpecification","valueRequired":true,"valueName":"search_term_string"}}],"inLanguage":"en-US"},{"@type":"Person","@id":"https:\/\/mallorcacaprice.com\/#\/schema\/person\/08fd62871ccb7d9177e190ed2780afef","name":"Mallorca Caprice","image":{"@type":"ImageObject","inLanguage":"en-US","@id":"https:\/\/mallorcacaprice.com\/#\/schema\/person\/image\/","url":"https:\/\/secure.gravatar.com\/avatar\/54a4bcd1a68eccdda3505d7ee5d6ebb8e5dd78095a07d388940305fac2e49572?s=96&d=mm&r=g","contentUrl":"https:\/\/secure.gravatar.com\/avatar\/54a4bcd1a68eccdda3505d7ee5d6ebb8e5dd78095a07d388940305fac2e49572?s=96&d=mm&r=g","caption":"Mallorca Caprice"},"url":"https:\/\/mallorcacaprice.com\/en\/author\/elena\/"}]}},"_links":{"self":[{"href":"https:\/\/mallorcacaprice.com\/en\/wp-json\/wp\/v2\/posts\/39505","targetHints":{"allow":["GET"]}}],"collection":[{"href":"https:\/\/mallorcacaprice.com\/en\/wp-json\/wp\/v2\/posts"}],"about":[{"href":"https:\/\/mallorcacaprice.com\/en\/wp-json\/wp\/v2\/types\/post"}],"author":[{"embeddable":true,"href":"https:\/\/mallorcacaprice.com\/en\/wp-json\/wp\/v2\/users\/4"}],"replies":[{"embeddable":true,"href":"https:\/\/mallorcacaprice.com\/en\/wp-json\/wp\/v2\/comments?post=39505"}],"version-history":[{"count":5,"href":"https:\/\/mallorcacaprice.com\/en\/wp-json\/wp\/v2\/posts\/39505\/revisions"}],"predecessor-version":[{"id":39515,"href":"https:\/\/mallorcacaprice.com\/en\/wp-json\/wp\/v2\/posts\/39505\/revisions\/39515"}],"wp:featuredmedia":[{"embeddable":true,"href":"https:\/\/mallorcacaprice.com\/en\/wp-json\/wp\/v2\/media\/39503"}],"wp:attachment":[{"href":"https:\/\/mallorcacaprice.com\/en\/wp-json\/wp\/v2\/media?parent=39505"}],"wp:term":[{"taxonomy":"category","embeddable":true,"href":"https:\/\/mallorcacaprice.com\/en\/wp-json\/wp\/v2\/categories?post=39505"},{"taxonomy":"post_tag","embeddable":true,"href":"https:\/\/mallorcacaprice.com\/en\/wp-json\/wp\/v2\/tags?post=39505"}],"curies":[{"name":"wp","href":"https:\/\/api.w.org\/{rel}","templated":true}]}}